{"id":75608,"date":"2012-11-30T00:00:00","date_gmt":"2012-11-29T23:00:00","guid":{"rendered":"http:\/\/www.cronacaonline.it\/public\/content\/index.php\/2012\/11\/30\/turismo-religioso-prima-giornata-forum-regionale-valorizzazione-notevoli-potenzialita-sarde\/"},"modified":"2012-11-30T00:00:00","modified_gmt":"2012-11-29T23:00:00","slug":"turismo-religioso-prima-giornata-forum-regionale-valorizzazione-notevoli-potenzialita-sarde","status":"publish","type":"post","link":"https:\/\/www.cronacaonline.it\/index.php\/2012\/11\/30\/turismo-religioso-prima-giornata-forum-regionale-valorizzazione-notevoli-potenzialita-sarde\/","title":{"rendered":"Turismo religioso, prima giornata forum regionale: valorizzazione notevoli potenzialit\u00e0 sarde"},"content":{"rendered":"<p>Valorizzare a pieno e consolidare sul mercato le considerevoli potenzialit\u00e0 del turismo religioso in Sardegna generando un\u2019offerta strutturata e competitiva, basata su manifestazioni a connotazione spirituale e identitaria. Con questo obiettivo assessorato regionale del Turismo e agenzia Sardegna Promozione hanno avviato un percorso progettuale orientato a promuovere nell\u2019Isola un segmento turistico capace di coinvolge 300 milioni di persone nel mondo per un valore complessivo, secondo i dati della World tourism organization, di 18 miliardi di dollari, e di movimentare in Italia (secondo dati Isnart), ogni anno, 5,6 milioni di pellegrini.<\/p>\n<p>Il progetto \u00e8 partito oggi con il primo forum regionale \u2018Cultura religiosa e turismo \u2013 Itinerari dello Spirito\u2019, che si sta svolgendo (e si concluder\u00e0 domani) nel suggestivo antico borgo di Galtell\u00ec (con la chiesa di 'Sas Animas' adibita a spazio forum). \u00c8 la prima di quattro fasi del programma di valorizzazione del turismo religioso nell\u2019Isola, seguiranno coinvolgimento degli operatori del settore attraverso workshop ed educational tour per presentare l\u2019offerta dei cammini spirituali nell\u2019Isola, il consolidamento di eventi e manifestazioni con contenuti identitari \u2013 spirituali tramite una cabina di regia regionale e la promozione dell\u2019immagine unitaria della cultura religiosa e turismo in Sardegna, anche attraverso il sito <a href=\"http:\/\/www.camminidisardegna.it\">www.camminidisardegna.it<\/a>. L'ambizione \u00e8 quella di inserire gli \u2018Itinerari dello spirito\u2019 della Sardegna nell\u2019ambito di reti e percorsi religiosi nazionali e internazionali con un\u2019attivit\u00e0 che coordini su tutto il territorio regionale gli eventi (anche Fuochi di Sant\u2019Antonio e Riti della Settimana santa) e i percorsi religiosi, tra i quali, per esempio, le celebrazioni per il 400\u00b0 anniversario de \u2018Los milagros del Cristo di Galtell\u00ec\u2019 (1612 \u2013 2012), il pellegrinaggio a Laconi nei luoghi in cui visse Sant\u2019Ignazio, il cammino di San Giorgio vescovo di Suelli (dalla Trexenta alle Baronie), il pellegrinaggio alla casa di Fra\u2019 Nicola a Gesturi, il cammino di Santu Jacu (dal Campidano di Cagliari alla Barbagia) e quello dei Santi e Martiri sardi (dalla Gallura alla Marmilla).<\/p>\n<p>L\u2019assessore regionale del Turismo Luigi Crisponi, dopo i saluti del sindaco di Galtell\u00ec, Renzo Soro, del vicario del vescovo di Nuoro don Ciriaco Vedele (in rappresentanza di monsignor Mos\u00e8 Marcia), del direttore di Sardegna Promozione Adamo Pili e del presidente del Comitato 'Los Milagros' Angelo Rojch, ha aperto la lunga serie di relazioni del Forum delineando le linee guida del progetto regionale. Sono seguiti, dapprima, la proiezione di un breve filmato sui principali percorsi religiosi isolani e sulla storia dei santi ai quali i pellegrinaggi sono dedicati, poi gli interventi di illustri esponenti religiosi ed esperti del settore 'cultura religiosa e turismo'. Domani, 1 dicembre, interverranno altri esponenti nazionali della Chiesa ed esperti del settore turistico religioso a livello internazionale.<\/p>\n<p>\u201cLa Regione&nbsp; - ha affermato Crisponi nel suo intervento - intende dare unitariet\u00e0 a un\u2019infinita serie di segni spirituali custoditi dalle comunit\u00e0, che si identificano nel culto per un santo, vero e proprio comune denominatore degli itinerari di pellegrinaggio, e creare una rete integrata aperta a tutti i centri \u2018vocati\u2019 e quelli che si trovano lungo i percorsi, che sono cammini intrisi di spiritualit\u00e0, ma al contempo, anche percorsi di interesse storico, culturale e naturalistico, fonte di conoscenza del territorio per il pellegrino e per i viaggiatori non credenti. La Sardegna \u2013 ha aggiunto l\u2019esponente della Giunta - \u00e8 in possesso un patrimonio identitario-spirituale materiale e immateriale, composto da monumenti e siti ad alta valenza religiosa (in tutto ben 107 santuari), da una miriade di&nbsp; testimonianze lasciate dai santi sul territorio e dal sentimento di devozione della sua popolazione. Da questo patrimonio partiamo per mettere a sistema i luoghi dello spirito e quelli dell\u2019accoglienza creando una filiera del turismo culturale - religioso, un prodotto utile a destagionalizzare e diversificare i flussi turistici. La valorizzazione del segmento&nbsp; \u00e8 un fattore di sviluppo di aree rurali e di percorsi esistenti o in via di individuazione, legati ad aspetti storici e a connotazioni religiose, ma anche collegati idealmente alle vie del gusto, ai percorsi dell\u2019artigianato, ossia un valore aggiunto a quanto gi\u00e0 la Sardegna pu\u00f2 offrire in termini di bellezze paesaggistiche e architettoniche\".<\/p>\n<p>I \u2018Cammini\u2019 potranno essere percorsi a piedi, a cavallo o col trenino verde, specie in periodi di bassa stagione e messi a sistema con manifestazioni e feste religiose isolane (che sono ben 941, pari al 18,5% del totale in Italia).<\/p>\n","protected":false},"excerpt":{"rendered":"<p>Valorizzare a pieno e consolidare sul mercato le considerevoli potenzialit\u00e0 del turismo religioso in Sardegna generando un\u2019offerta strutturata e competitiva, basata su manifestazioni a connotazione&#8230;<\/p>\n","protected":false},"author":2,"featured_media":0,"comment_status":"closed","ping_status":"closed","sticky":false,"template":"","format":"standard","meta":[],"categories":[49],"tags":[],"_links":{"self":[{"href":"https:\/\/www.cronacaonline.it\/index.php\/wp-json\/wp\/v2\/posts\/75608"}],"collection":[{"href":"https:\/\/www.cronacaonline.it\/index.php\/wp-json\/wp\/v2\/posts"}],"about":[{"href":"https:\/\/www.cronacaonline.it\/index.php\/wp-json\/wp\/v2\/types\/post"}],"author":[{"embeddable":true,"href":"https:\/\/www.cronacaonline.it\/index.php\/wp-json\/wp\/v2\/users\/2"}],"replies":[{"embeddable":true,"href":"https:\/\/www.cronacaonline.it\/index.php\/wp-json\/wp\/v2\/comments?post=75608"}],"version-history":[{"count":0,"href":"https:\/\/www.cronacaonline.it\/index.php\/wp-json\/wp\/v2\/posts\/75608\/revisions"}],"wp:attachment":[{"href":"https:\/\/www.cronacaonline.it\/index.php\/wp-json\/wp\/v2\/media?parent=75608"}],"wp:term":[{"taxonomy":"category","embeddable":true,"href":"https:\/\/www.cronacaonline.it\/index.php\/wp-json\/wp\/v2\/categories?post=75608"},{"taxonomy":"post_tag","embeddable":true,"href":"https:\/\/www.cronacaonline.it\/index.php\/wp-json\/wp\/v2\/tags?post=75608"}],"curies":[{"name":"wp","href":"https:\/\/api.w.org\/{rel}","templated":true}]}}