{"id":75565,"date":"2012-11-09T00:00:00","date_gmt":"2012-11-08T23:00:00","guid":{"rendered":"http:\/\/www.cronacaonline.it\/public\/content\/index.php\/2012\/11\/09\/incontro-cappellacci-sindaci-unione-comuni-monte-idda-e-fanaris-confronto-su-questioni-locali-e-vertenze-sarde\/"},"modified":"2012-11-09T00:00:00","modified_gmt":"2012-11-08T23:00:00","slug":"incontro-cappellacci-sindaci-unione-comuni-monte-idda-e-fanaris-confronto-su-questioni-locali-e-vertenze-sarde","status":"publish","type":"post","link":"https:\/\/www.cronacaonline.it\/index.php\/2012\/11\/09\/incontro-cappellacci-sindaci-unione-comuni-monte-idda-e-fanaris-confronto-su-questioni-locali-e-vertenze-sarde\/","title":{"rendered":"Incontro Cappellacci-sindaci unione comuni monte Idda e Fanaris, confronto su questioni locali e vertenze sarde"},"content":{"rendered":"<p>Un confronto apertosia sulle questioni locali sia sugli effetti di quelle vertenze aperte con loStato, che inevitabilmente si riverberano nei territori e nelle possibilit\u00e0 perle singole amministrazioni di poter assolvere ai propri compiti. E\u2019 l\u2019impegnoassunto dal presidente Ugo Cappellacci durante l\u2019incontro a Villaspeciosa con isindaci dell\u2019unione dei Comuni \u201cI nuraghi di Monte Idda e Fanaris\u201d.<\/p>\n<p>Al centro del colloquio con &nbsp;i sindaci&nbsp;Elio Mameli(Villaspeciosa), Ferruccio Collu (Decimoputzu) Daniele Busia (Siliqua)Francesco Spiga (Vallermosa) anche le questioni che riguardano le singolecomunit\u00e0, riguardo alle quali si \u00e8 condivisa la necessit\u00e0 di un confrontocostante, attraverso un gruppo di lavoro tecnico che esamini le singolequestioni. Particolare attenzione \u00e8 stata rivolta al patto di stabilit\u00e0, checomprime fortemente la possibilit\u00e0 di azione delle singole amministrazioni nelterritorio. Sul punto il presidente ha richiamato la necessit\u00e0 di proseguirecon la massima coesione una battaglia che, iniziata sul piano politico, oravede la Regione e lo Stato contrapposti anche sul piano giurisdizionale, comeavvenuto gi\u00e0 in materia di entrate.<\/p>\n<p>\u201cDobbiamo andare fino in fondo - ha ribadito ilpresidente -&nbsp; affinch\u00e9 le nuove risorse che ci spettano in base al nuovotesto dell\u2019art. 8 dello Statuto siano concretamente spendibili dalla Regione efar si che i Comuni possano avere la libert\u00e0 di azione necessaria a dare aicittadini le risposte che si aspettano dalla politica\u201d.&nbsp;<\/p>\n","protected":false},"excerpt":{"rendered":"<p>Un confronto apertosia sulle questioni locali sia sugli effetti di quelle vertenze aperte con loStato, che inevitabilmente si riverberano nei territori e nelle possibilit\u00e0 perle&#8230;<\/p>\n","protected":false},"author":2,"featured_media":0,"comment_status":"closed","ping_status":"closed","sticky":false,"template":"","format":"standard","meta":[],"categories":[49],"tags":[],"_links":{"self":[{"href":"https:\/\/www.cronacaonline.it\/index.php\/wp-json\/wp\/v2\/posts\/75565"}],"collection":[{"href":"https:\/\/www.cronacaonline.it\/index.php\/wp-json\/wp\/v2\/posts"}],"about":[{"href":"https:\/\/www.cronacaonline.it\/index.php\/wp-json\/wp\/v2\/types\/post"}],"author":[{"embeddable":true,"href":"https:\/\/www.cronacaonline.it\/index.php\/wp-json\/wp\/v2\/users\/2"}],"replies":[{"embeddable":true,"href":"https:\/\/www.cronacaonline.it\/index.php\/wp-json\/wp\/v2\/comments?post=75565"}],"version-history":[{"count":0,"href":"https:\/\/www.cronacaonline.it\/index.php\/wp-json\/wp\/v2\/posts\/75565\/revisions"}],"wp:attachment":[{"href":"https:\/\/www.cronacaonline.it\/index.php\/wp-json\/wp\/v2\/media?parent=75565"}],"wp:term":[{"taxonomy":"category","embeddable":true,"href":"https:\/\/www.cronacaonline.it\/index.php\/wp-json\/wp\/v2\/categories?post=75565"},{"taxonomy":"post_tag","embeddable":true,"href":"https:\/\/www.cronacaonline.it\/index.php\/wp-json\/wp\/v2\/tags?post=75565"}],"curies":[{"name":"wp","href":"https:\/\/api.w.org\/{rel}","templated":true}]}}