{"id":75542,"date":"2012-11-29T00:00:00","date_gmt":"2012-11-28T23:00:00","guid":{"rendered":"https:\/\/www.cronacaonline.it\/index.php\/2012\/11\/29\/compagnia-carabinieri-di-siniscola-minore-sottrae-il-fucile-al-padre-e-fugge-a-bordo-di-unauto-il-minore-denunciato-di-porto-abusivo-di-armi-e-guida-senza-patente-e-il-padre-per-omessa-custodia-di-arm\/"},"modified":"2012-11-29T00:00:00","modified_gmt":"2012-11-28T23:00:00","slug":"compagnia-carabinieri-di-siniscola-minore-sottrae-il-fucile-al-padre-e-fugge-a-bordo-di-unauto-il-minore-denunciato-di-porto-abusivo-di-armi-e-guida-senza-patente-e-il-padre-per-omessa-custodia-di-arm","status":"publish","type":"post","link":"https:\/\/www.cronacaonline.it\/index.php\/2012\/11\/29\/compagnia-carabinieri-di-siniscola-minore-sottrae-il-fucile-al-padre-e-fugge-a-bordo-di-unauto-il-minore-denunciato-di-porto-abusivo-di-armi-e-guida-senza-patente-e-il-padre-per-omessa-custodia-di-arm\/","title":{"rendered":"Compagnia carabinieri di Siniscola: minore sottrae il fucile al padre e fugge a bordo di un\u2019auto, il minore denunciato di porto abusivo di armi e guida senza patente e il padre per omessa custodia di armi"},"content":{"rendered":"<p>Era regolarmente denunciato il fucile da caccia che D.G., operaio di Torp\u00e8, deteneva presso la sua abitazione ma evidentemente era mal custodito se suo figlio A.R., sedicenne, \u00e8 riuscito ad impossessarsene e a fuggire da casa con chiss\u00e0 quali intenzioni.<\/p>\n<p>Solo grazie al tempestivo intervento dei carabinieri della Stazione del paese,&nbsp; la situazione non \u00e8 degenerata. Il ragazzino, infatti, dopo aver sottratto il fucile al padre, \u00e8 salito a bordo di una vettura incustodita e, nonostante privo di patente poich\u00e9 non ancora conseguita, ha incominciato a sfrecciare per le vie del paese. Tale atteggiamento non \u00e8 passato inosservato ai militari che immediatamente si sono messi sulle tracce del giovane e, una volta raggiunto, gli hanno impedito di compiere ulteriori sciocchezze e hanno sequestrato il fucile illegalmente detenuto.<\/p>\n<p>Il ragazzo, resosi responsabile di porto abusivo di armi e guida senza patente \u00e8 stato deferito all\u2019autorit\u00e0 giudiziaria per i minorenni di Sassari mentre il padre dovr\u00e0 rispondere alla Procura di Nuoro del reato di omessa custodia di armi, per il quale \u00e8 stato denunciato in stato di libert\u00e0. Il fucile, ovviamente, \u2018 stato sequestrato. <\/p>\n","protected":false},"excerpt":{"rendered":"<p>Era regolarmente denunciato il fucile da caccia che D.G., operaio di Torp\u00e8, deteneva presso la sua abitazione ma evidentemente era mal custodito se suo figlio&#8230;<\/p>\n","protected":false},"author":2,"featured_media":13424,"comment_status":"closed","ping_status":"closed","sticky":false,"template":"","format":"standard","meta":[],"categories":[49],"tags":[],"_links":{"self":[{"href":"https:\/\/www.cronacaonline.it\/index.php\/wp-json\/wp\/v2\/posts\/75542"}],"collection":[{"href":"https:\/\/www.cronacaonline.it\/index.php\/wp-json\/wp\/v2\/posts"}],"about":[{"href":"https:\/\/www.cronacaonline.it\/index.php\/wp-json\/wp\/v2\/types\/post"}],"author":[{"embeddable":true,"href":"https:\/\/www.cronacaonline.it\/index.php\/wp-json\/wp\/v2\/users\/2"}],"replies":[{"embeddable":true,"href":"https:\/\/www.cronacaonline.it\/index.php\/wp-json\/wp\/v2\/comments?post=75542"}],"version-history":[{"count":0,"href":"https:\/\/www.cronacaonline.it\/index.php\/wp-json\/wp\/v2\/posts\/75542\/revisions"}],"wp:featuredmedia":[{"embeddable":true,"href":"https:\/\/www.cronacaonline.it\/index.php\/wp-json\/wp\/v2\/media\/13424"}],"wp:attachment":[{"href":"https:\/\/www.cronacaonline.it\/index.php\/wp-json\/wp\/v2\/media?parent=75542"}],"wp:term":[{"taxonomy":"category","embeddable":true,"href":"https:\/\/www.cronacaonline.it\/index.php\/wp-json\/wp\/v2\/categories?post=75542"},{"taxonomy":"post_tag","embeddable":true,"href":"https:\/\/www.cronacaonline.it\/index.php\/wp-json\/wp\/v2\/tags?post=75542"}],"curies":[{"name":"wp","href":"https:\/\/api.w.org\/{rel}","templated":true}]}}