{"id":75493,"date":"2012-11-19T00:00:00","date_gmt":"2012-11-18T23:00:00","guid":{"rendered":"http:\/\/www.cronacaonline.it\/public\/content\/index.php\/2012\/11\/19\/acli-cagliari-corso-di-comunicazione-audiovisiva-e-multimediale\/"},"modified":"2012-11-19T00:00:00","modified_gmt":"2012-11-18T23:00:00","slug":"acli-cagliari-corso-di-comunicazione-audiovisiva-e-multimediale","status":"publish","type":"post","link":"https:\/\/www.cronacaonline.it\/index.php\/2012\/11\/19\/acli-cagliari-corso-di-comunicazione-audiovisiva-e-multimediale\/","title":{"rendered":"Acli Cagliari \u2013 Corso di comunicazione audiovisiva e multimediale"},"content":{"rendered":"<p>Sono aperte le iscrizioni al corso di comunicazione audiovisiva e multimediale organizzato dalle Acli di Cagliari. Il corso, della durata complessiva di 16 ore, si svolger\u00e0 il luned\u00ec, marted\u00ec e venerd\u00ec nella sede Provinciale delle Acli in Viale Marconi 4.<\/p>\n<p>L\u2019obiettivo \u00e8 quello di fornire ai partecipanti nozioni utili sulla comunicazione, teorie e tecniche del linguaggio televisivo e cinematografico e della produzione multimediale.<br \/>Per informazioni e iscrizioni contattare la Segreteria Organizzativa al numero 070\/43039 oppure<br \/>inviare una e-mail a <a href=\"mailto:audiomultimediacli@virgilio.it\">audiomultimediacli@virgilio.it<\/a> .<\/p>\n","protected":false},"excerpt":{"rendered":"<p>Sono aperte le iscrizioni al corso di comunicazione audiovisiva e multimediale organizzato dalle Acli di Cagliari. Il corso, della durata complessiva di 16 ore, si&#8230;<\/p>\n","protected":false},"author":2,"featured_media":0,"comment_status":"closed","ping_status":"closed","sticky":false,"template":"","format":"standard","meta":[],"categories":[49],"tags":[],"_links":{"self":[{"href":"https:\/\/www.cronacaonline.it\/index.php\/wp-json\/wp\/v2\/posts\/75493"}],"collection":[{"href":"https:\/\/www.cronacaonline.it\/index.php\/wp-json\/wp\/v2\/posts"}],"about":[{"href":"https:\/\/www.cronacaonline.it\/index.php\/wp-json\/wp\/v2\/types\/post"}],"author":[{"embeddable":true,"href":"https:\/\/www.cronacaonline.it\/index.php\/wp-json\/wp\/v2\/users\/2"}],"replies":[{"embeddable":true,"href":"https:\/\/www.cronacaonline.it\/index.php\/wp-json\/wp\/v2\/comments?post=75493"}],"version-history":[{"count":0,"href":"https:\/\/www.cronacaonline.it\/index.php\/wp-json\/wp\/v2\/posts\/75493\/revisions"}],"wp:attachment":[{"href":"https:\/\/www.cronacaonline.it\/index.php\/wp-json\/wp\/v2\/media?parent=75493"}],"wp:term":[{"taxonomy":"category","embeddable":true,"href":"https:\/\/www.cronacaonline.it\/index.php\/wp-json\/wp\/v2\/categories?post=75493"},{"taxonomy":"post_tag","embeddable":true,"href":"https:\/\/www.cronacaonline.it\/index.php\/wp-json\/wp\/v2\/tags?post=75493"}],"curies":[{"name":"wp","href":"https:\/\/api.w.org\/{rel}","templated":true}]}}