{"id":75337,"date":"2012-10-09T00:00:00","date_gmt":"2012-10-08T22:00:00","guid":{"rendered":"http:\/\/www.cronacaonline.it\/public\/content\/index.php\/2012\/10\/09\/disoccupato-arrestato-dai-militari-dellarma-per-detenzione-ai-fini-di-spaccio-di-stupefacenti\/"},"modified":"2012-10-09T00:00:00","modified_gmt":"2012-10-08T22:00:00","slug":"disoccupato-arrestato-dai-militari-dellarma-per-detenzione-ai-fini-di-spaccio-di-stupefacenti","status":"publish","type":"post","link":"https:\/\/www.cronacaonline.it\/index.php\/2012\/10\/09\/disoccupato-arrestato-dai-militari-dellarma-per-detenzione-ai-fini-di-spaccio-di-stupefacenti\/","title":{"rendered":"Disoccupato arrestato dai militari dell\u2019Arma per detenzione ai fini di spaccio di stupefacenti."},"content":{"rendered":"<p>A Capoterra (Cagliari), i carabinieri della Stazione del paese, durante uno specifico servizio antidroga, hanno arrestato Roberto Ronzi, di 28 anni, del posto, con l\u2019accusa di detenzione ai fini di spaccio di stupefacenti.<\/p>\n<p>Il pregiudicato, durante la perquisizione del suo domicilio, \u00e8 stato trovato in possesso di 714 grammi di rami e foglie di marijuana, di cui 364 gr. gi\u00e0 essiccate, una pianta di marijuana dell\u2019altezza di 30 cm e materiale vario per il confezionamento.<\/p>\n<p>Il disoccupato, quindi, \u00e8 stato dichiarato in arresto e dopo le formalit\u00e0 di legge in caserma, \u00e8 stato trattenuto nelle camere di sicurezza della Stazione cc di Ca-Villanova in attesa del rito direttissimo previsto per oggi.<\/p>\n","protected":false},"excerpt":{"rendered":"<p>A Capoterra (Cagliari), i carabinieri della Stazione del paese, durante uno specifico servizio antidroga, hanno arrestato Roberto Ronzi, di 28 anni, del posto, con l\u2019accusa&#8230;<\/p>\n","protected":false},"author":2,"featured_media":0,"comment_status":"closed","ping_status":"closed","sticky":false,"template":"","format":"standard","meta":[],"categories":[49],"tags":[],"_links":{"self":[{"href":"https:\/\/www.cronacaonline.it\/index.php\/wp-json\/wp\/v2\/posts\/75337"}],"collection":[{"href":"https:\/\/www.cronacaonline.it\/index.php\/wp-json\/wp\/v2\/posts"}],"about":[{"href":"https:\/\/www.cronacaonline.it\/index.php\/wp-json\/wp\/v2\/types\/post"}],"author":[{"embeddable":true,"href":"https:\/\/www.cronacaonline.it\/index.php\/wp-json\/wp\/v2\/users\/2"}],"replies":[{"embeddable":true,"href":"https:\/\/www.cronacaonline.it\/index.php\/wp-json\/wp\/v2\/comments?post=75337"}],"version-history":[{"count":0,"href":"https:\/\/www.cronacaonline.it\/index.php\/wp-json\/wp\/v2\/posts\/75337\/revisions"}],"wp:attachment":[{"href":"https:\/\/www.cronacaonline.it\/index.php\/wp-json\/wp\/v2\/media?parent=75337"}],"wp:term":[{"taxonomy":"category","embeddable":true,"href":"https:\/\/www.cronacaonline.it\/index.php\/wp-json\/wp\/v2\/categories?post=75337"},{"taxonomy":"post_tag","embeddable":true,"href":"https:\/\/www.cronacaonline.it\/index.php\/wp-json\/wp\/v2\/tags?post=75337"}],"curies":[{"name":"wp","href":"https:\/\/api.w.org\/{rel}","templated":true}]}}