{"id":74975,"date":"2012-08-30T00:00:00","date_gmt":"2012-08-29T22:00:00","guid":{"rendered":"http:\/\/www.cronacaonline.it\/public\/content\/index.php\/2012\/08\/30\/alessandra-giudici-chiede-lapertura-urgente-della-vertenza-nord-ovest-sardegna\/"},"modified":"2012-08-30T00:00:00","modified_gmt":"2012-08-29T22:00:00","slug":"alessandra-giudici-chiede-lapertura-urgente-della-vertenza-nord-ovest-sardegna","status":"publish","type":"post","link":"https:\/\/www.cronacaonline.it\/index.php\/2012\/08\/30\/alessandra-giudici-chiede-lapertura-urgente-della-vertenza-nord-ovest-sardegna\/","title":{"rendered":"Alessandra Giudici chiede l\u2019apertura urgente della \u201cVertenza Nord Ovest Sardegna\u201d."},"content":{"rendered":"<p>In una lettera al governatore della Sardegna, il presidente della Provincia di Sassari, Alessandra Giudici scrive: \u201ci drammatici momenti che si stanno vivendo nella miniera della Carbosulcis di Nuraxi Figus, a 373 metri di profondit\u00e0, coinvolgono e interessano l\u2019intera comunit\u00e0 sarda. La contestazione dei minatori in lotta per il proprio posto di lavoro accomuna i tantissimi lavoratori che idealmente in questi giorni si trovano l\u00ec, insieme a loro, non avendo pi\u00f9 neanche un luogo da occupare per protesta. \u00c8 tuttavia assolutamente necessario che Lei, la Sua giunta e il consiglio regionale non dimentichiate le numerose emergenze sparse per l\u2019isola, rispetto alle quali \u2013 da tempo \u2013 non si ricevono risposte o segnali di alcun tipo.<\/p>\n<p>La drammaticit\u00e0 della situazione che sta interessando il Sulcis, che ben comprendiamo e verso la quale non possiamo che esprimere massima preoccupazione e solidariet\u00e0, non pu\u00f2 e non deve offuscare la grave condizione di difficolt\u00e0 che stanno affrontando altri territori, a iniziare dal Nord Ovest Sardegna, che sta attraversando uno dei momenti pi\u00f9 difficili della sua storia. Auspichiamo che, proprio come da impegni presi in occasione degli ultimi incontri avuti, il confronto con il governo rappresenti per Lei, presidente, e per i suoi assessori, l\u2019occasione buona per chiedere e ottenere strumenti urgenti e straordinari attraverso cui accompagnare il territorio della Provincia di Sassari \u2013 ma il discorso vale anche per il resto della Sardegna, al di l\u00e0 di inutili campanilismi e di controproducenti guerre fratricide \u2013 oltre le secche di una crisi senza alcun precedente.<\/p>\n<p>Dall\u2019industria all\u2019edilizia, dai trasporti alla scuola, dalla viabilit\u00e0 al riassetto amministrativo del territorio, scrive ancora la presidente - tanto per citare alcuni degli argomenti pi\u00f9 ricorrenti, \u00e8 lunghissimo e arcinoto l\u2019elenco delle doglianze alle quali si \u00e8 scelto di rispondere con il pi\u00f9 totale silenzio. La crisi che sta affrontando questo territorio ha assunto proporzioni eccezionali e meriterebbe ben altra attenzione, ma ogni tentativo di interagire con chi dovrebbe assumersi il carico e la responsabilit\u00e0 dell\u2019intera Sardegna \u00e8 sinora andato vano. Questo preoccupa le tante lavoratrici e i tanti lavoratori che non riescono a intravedere una possibile via di uscita da una situazione di precariet\u00e0 che rischia di scatenare una fase di grave disagio sociale.<\/p>\n<p>Dopo aver a lungo e vanamente atteso qualsiasi segnale di apertura e dopo aver ripetutamente manifestato la volont\u00e0 di collaborare nel pieno e doveroso spirito di collaborazione istituzionale \u2013 conclude la presidente Giudice -, \u00e8 giunto il momento di richiamare la Regione alle proprie responsabilit\u00e0. La decisione, risalente a oltre un mese fa, di intavolare una \u201cvertenza Nord Ovest Sardegna\u201d, all\u2019interno della quale trovano giusta attenzione tutte le problematiche su cui abbiamo cercato di confrontarci in questi mesi, \u00e8 frutto della preoccupazione e della determinazione con cui questo territorio \u2013 in nome e per conto del quale rivolgo quest\u2019ultimo appello \u2013 si rivolge con voce unanime affinch\u00e9 possa ancora essere recuperata la possibilit\u00e0 di lavorare tutti assieme per il bene di un\u2019area che non chiede favori o corsie preferenziali, ma esige la stessa dignit\u00e0 e le stesse cure del resto della Sardegna\u201d. Com<\/p>\n","protected":false},"excerpt":{"rendered":"<p>In una lettera al governatore della Sardegna, il presidente della Provincia di Sassari, Alessandra Giudici scrive: \u201ci drammatici momenti che si stanno vivendo nella miniera&#8230;<\/p>\n","protected":false},"author":2,"featured_media":0,"comment_status":"closed","ping_status":"closed","sticky":false,"template":"","format":"standard","meta":[],"categories":[49],"tags":[],"_links":{"self":[{"href":"https:\/\/www.cronacaonline.it\/index.php\/wp-json\/wp\/v2\/posts\/74975"}],"collection":[{"href":"https:\/\/www.cronacaonline.it\/index.php\/wp-json\/wp\/v2\/posts"}],"about":[{"href":"https:\/\/www.cronacaonline.it\/index.php\/wp-json\/wp\/v2\/types\/post"}],"author":[{"embeddable":true,"href":"https:\/\/www.cronacaonline.it\/index.php\/wp-json\/wp\/v2\/users\/2"}],"replies":[{"embeddable":true,"href":"https:\/\/www.cronacaonline.it\/index.php\/wp-json\/wp\/v2\/comments?post=74975"}],"version-history":[{"count":0,"href":"https:\/\/www.cronacaonline.it\/index.php\/wp-json\/wp\/v2\/posts\/74975\/revisions"}],"wp:attachment":[{"href":"https:\/\/www.cronacaonline.it\/index.php\/wp-json\/wp\/v2\/media?parent=74975"}],"wp:term":[{"taxonomy":"category","embeddable":true,"href":"https:\/\/www.cronacaonline.it\/index.php\/wp-json\/wp\/v2\/categories?post=74975"},{"taxonomy":"post_tag","embeddable":true,"href":"https:\/\/www.cronacaonline.it\/index.php\/wp-json\/wp\/v2\/tags?post=74975"}],"curies":[{"name":"wp","href":"https:\/\/api.w.org\/{rel}","templated":true}]}}