{"id":74940,"date":"2012-08-23T00:00:00","date_gmt":"2012-08-22T22:00:00","guid":{"rendered":"http:\/\/www.cronacaonline.it\/public\/content\/index.php\/2012\/08\/23\/peste-suina-servono-risposte-urgenti-dalla-regione-dieci-quesiti-agli-assessori-alla-sanita-e-agricoltura\/"},"modified":"2012-08-23T00:00:00","modified_gmt":"2012-08-22T22:00:00","slug":"peste-suina-servono-risposte-urgenti-dalla-regione-dieci-quesiti-agli-assessori-alla-sanita-e-agricoltura","status":"publish","type":"post","link":"https:\/\/www.cronacaonline.it\/index.php\/2012\/08\/23\/peste-suina-servono-risposte-urgenti-dalla-regione-dieci-quesiti-agli-assessori-alla-sanita-e-agricoltura\/","title":{"rendered":"Peste suina, servono risposte urgenti dalla Regione: dieci quesiti agli assessori alla Sanit\u00e0 e Agricoltura"},"content":{"rendered":"<p>Copagri Sardegna, scrive agli assessori regionali alla Sanit\u00e0 e all'Agricoltura per ribadire la richiesta, gi\u00e0 avanzata ai primi di agosto, di convocare un tavolo urgente con tutte le organizzazioni di categoria per discutere sul piano di contrasto della peste suina e trichinellosi.<\/p>\n<p>In particolare, il presidente dell'associazione, Ignazio Cirronis, chiede \u00abun'attenta verifica, alla presenza del Tavolo interassessoriale e della Commissione regionale per le strategie di lotta alle pesti suine, del protocollo d\u2019intesa sottoscritto tra la Regione e le organizzazioni agricole lo scorso 15 maggio\u00bb. Copagri non concorda con le risposte date dall'assessore alla Sanit\u00e0, \u00absecondo il quale tutto procede per il meglio. Non siamo d'accordo. La risposta \u00e8 assolutamente fuori luogo e improduttiva rispetto alla gravit\u00e0 della situazione del comparto suinicolo\u00bb.<\/p>\n<p>Per questo, \u00abper evitare che il confronto si trascini in considerazioni di carattere generico e si dimostri inconcludente\u00bb, Copagri chiede ai due assessori una risposta su 10 punti: a che punto \u00e8 l\u2019anagrafatura del patrimonio suinicolo sardo che doveva concludersi il 31 luglio come concordato. \u00c8 importante sapere quanti suini clandestini e irregolari siano stati individuati, controllati e confinati; se, e come, sono stati definiti i ruoli dei diversi organismi chiamati a collaborare; se si intende rettificare il decreto sulle Misure straordinarie di lotta alla peste suina (numero 56) per ripristinare le norme sul risarcimento dei danni subiti dalle aziende regolari; se si intende emanare una circolare che chiarisca le sanzioni applicabili agli allevatori che si mettono in regola; qual \u00e8 lo stato di attuazione dei cosiddetti \u201cprogetti pilota\u201d comunali necessari al confinamento dei suini, e se la Giunta intende approvare l\u2019annunciato disegno di legge previsto da uno degli ultimi decreti per mettere a disposizione le risorse necessarie; se l\u2019assessorato dell\u2019Agricoltura intende emanare finalmente il bando per l\u2019utilizzo delle risorse disponibili da anni per gli investimenti di imprenditori privati; come la Regione intende mettere a disposizione strutture idonee, a costi accettabili, per lo smaltimento delle carcasse; quali misure di sensibilizzazione delle comunit\u00e0 interessate sono state predisposte e attuate da parte dei due Assessorati; se l\u2019assessore dell\u2019Agricoltura intende promuovere un\u2019azione di coordinamento tra i soggetti interessati,&nbsp; comprese le agenzie agricole regionali, per promuovere il riconoscimento della Dop \u201cporchetto sardo\u201d e qual \u00e8 lo stato della trattativa con il Governo e con la Commissione europea per il superamento delle restrizioni a carico delle aziende regolari e accreditate. Com<\/p>\n","protected":false},"excerpt":{"rendered":"<p>Copagri Sardegna, scrive agli assessori regionali alla Sanit\u00e0 e all&#8217;Agricoltura per ribadire la richiesta, gi\u00e0 avanzata ai primi di agosto, di convocare un tavolo urgente&#8230;<\/p>\n","protected":false},"author":2,"featured_media":13002,"comment_status":"closed","ping_status":"closed","sticky":false,"template":"","format":"standard","meta":[],"categories":[49],"tags":[],"_links":{"self":[{"href":"https:\/\/www.cronacaonline.it\/index.php\/wp-json\/wp\/v2\/posts\/74940"}],"collection":[{"href":"https:\/\/www.cronacaonline.it\/index.php\/wp-json\/wp\/v2\/posts"}],"about":[{"href":"https:\/\/www.cronacaonline.it\/index.php\/wp-json\/wp\/v2\/types\/post"}],"author":[{"embeddable":true,"href":"https:\/\/www.cronacaonline.it\/index.php\/wp-json\/wp\/v2\/users\/2"}],"replies":[{"embeddable":true,"href":"https:\/\/www.cronacaonline.it\/index.php\/wp-json\/wp\/v2\/comments?post=74940"}],"version-history":[{"count":0,"href":"https:\/\/www.cronacaonline.it\/index.php\/wp-json\/wp\/v2\/posts\/74940\/revisions"}],"wp:featuredmedia":[{"embeddable":true,"href":"https:\/\/www.cronacaonline.it\/index.php\/wp-json\/wp\/v2\/media\/13002"}],"wp:attachment":[{"href":"https:\/\/www.cronacaonline.it\/index.php\/wp-json\/wp\/v2\/media?parent=74940"}],"wp:term":[{"taxonomy":"category","embeddable":true,"href":"https:\/\/www.cronacaonline.it\/index.php\/wp-json\/wp\/v2\/categories?post=74940"},{"taxonomy":"post_tag","embeddable":true,"href":"https:\/\/www.cronacaonline.it\/index.php\/wp-json\/wp\/v2\/tags?post=74940"}],"curies":[{"name":"wp","href":"https:\/\/api.w.org\/{rel}","templated":true}]}}