{"id":74827,"date":"2012-07-18T00:00:00","date_gmt":"2012-07-17T22:00:00","guid":{"rendered":"http:\/\/www.cronacaonline.it\/public\/content\/index.php\/2012\/07\/18\/arbatax-in-festa-per-stella-maris-ricco-il-calendario-di-eventi-in-onore-della-madonna\/"},"modified":"2012-07-18T00:00:00","modified_gmt":"2012-07-17T22:00:00","slug":"arbatax-in-festa-per-stella-maris-ricco-il-calendario-di-eventi-in-onore-della-madonna","status":"publish","type":"post","link":"https:\/\/www.cronacaonline.it\/index.php\/2012\/07\/18\/arbatax-in-festa-per-stella-maris-ricco-il-calendario-di-eventi-in-onore-della-madonna\/","title":{"rendered":"Arbatax in festa per \u201cStella Maris\u201d: ricco il calendario di eventi in onore della Madonna"},"content":{"rendered":"<p>La devozione e la tradizione della solennit\u00e0 religiosa, ma anche i suoni, i colori e la piacevole confusione dei festeggiamenti. In Ogliastra \u00e8 la festa pi\u00f9 attesa dell\u2019estate e forse dell\u2019intero anno. Dal 20 al 22 luglio si rinnova ad Arbatax l\u2019appuntamento coi festeggiamenti in onore della Madonna di Stella Maris. Una tre giorni di fede, eventi e spettacoli che allieteranno le serate di residenti e turisti.<\/p>\n<p>L\u2019apice dei festeggiamenti si raggiunger\u00e0 durante la giornata di domenica 22 luglio. Le manifestazione partiranno sin dalla mattina, quando alle ore 10 avr\u00e0 inizio la gara di nuoto nelle acque antistanti la spiaggia de \u201cLa Capannina\u201d. Successivamente, alle ore 10.30, verr\u00e0 celebrata la messa nella chiesa di Stella Maris. In serata i festeggiamenti raggiungeranno il clou:&nbsp; alle 18.30 inizier\u00e0 la processione per le vie della borgata marina, con il simulacro della Madonna accompagnato dai gruppi folk Ogliastra, Lanusei, Santa Sofia di Tertenia, Santa Giusta e Sant\u2019Anna di Tortol\u00ec.<\/p>\n<p>La cerimonia sar\u00e0 allietata dalle evoluzioni degli sbandieratori della Citt\u00e0 di Sassari e dalle note della banda musicale di Muravera. Alle 19 la processione si fermer\u00e0 al molo di levante, dove verr\u00e0 officiata la santa Messa. Al termine della funzione, alle ore 20, andr\u00e0 in scena la parte pi\u00f9 suggestiva della celebrazione: la statua della Madonna verr\u00e0 portata su un peschereccio scelto e preparato per l'occasione e inizier\u00e0 la processione a mare, con la partecipazione di ogni tipo di imbarcazione, dalle pi\u00f9 piccole alle pi\u00f9 grandi. La processione si avvier\u00e0, poi, con in testa la barca che porta la statua della Madonna, per fare i tradizionali tre giri nel porto. La cerimonia terminer\u00e0, come sempre, col lancio della corona di fiori dalla motovedetta della Capitaneria di porto in memoria dei Caduti in mare. In serata, dalle ore 21.30 al centro pesca, si esibiranno i gruppi folk che hanno partecipato alla messa. A concludere i festeggiamenti sar\u00e0 il tradizionale spettacolo pirotecnico della mezzanotte.<\/p>\n<p>Numerosi gli eventi collaterali che accompagneranno la festa di domenica. Venerd\u00ec 20 luglio al centro pesca di Arbatax, a partire dalle 20.30 ci saranno la sagra delle cozze e i balli latino-americani del maestro Hansel Melgares. Il giorno successivo al centro cesca di Arbatax si replica, questa volta con la&nbsp; sagra del pesce fritto, sempre a partire dalle 20.30. La distribuzione del pesce verr\u00e0 accompagnata dallo&nbsp; spettacolo \u201cLa strana coppia show\u201d: ospiti Manuela Dess\u00ec, Tenorenis, Duo Barritas (Guido Cocco e Nello Cocco), Vasco al Massimo (tributo Vasco Rossi) e Foots clan crew (spettacolo hip-hop).<\/p>\n<p>Inoltre, dal 15 al 29 luglio,&nbsp; verr\u00e0 aperta al pubblico tutte le sere la mostra fotografica e di artigianato sardo \u201cLa Quattordicesima Rete \u2013 Gli artigiani del mare\u201d allestita all\u2019interno dei locali della Torre San Miguel di Arbatax.&nbsp; Com<\/p>\n","protected":false},"excerpt":{"rendered":"<p>La devozione e la tradizione della solennit\u00e0 religiosa, ma anche i suoni, i colori e la piacevole confusione dei festeggiamenti. In Ogliastra \u00e8 la festa&#8230;<\/p>\n","protected":false},"author":2,"featured_media":0,"comment_status":"closed","ping_status":"closed","sticky":false,"template":"","format":"standard","meta":[],"categories":[49],"tags":[],"_links":{"self":[{"href":"https:\/\/www.cronacaonline.it\/index.php\/wp-json\/wp\/v2\/posts\/74827"}],"collection":[{"href":"https:\/\/www.cronacaonline.it\/index.php\/wp-json\/wp\/v2\/posts"}],"about":[{"href":"https:\/\/www.cronacaonline.it\/index.php\/wp-json\/wp\/v2\/types\/post"}],"author":[{"embeddable":true,"href":"https:\/\/www.cronacaonline.it\/index.php\/wp-json\/wp\/v2\/users\/2"}],"replies":[{"embeddable":true,"href":"https:\/\/www.cronacaonline.it\/index.php\/wp-json\/wp\/v2\/comments?post=74827"}],"version-history":[{"count":0,"href":"https:\/\/www.cronacaonline.it\/index.php\/wp-json\/wp\/v2\/posts\/74827\/revisions"}],"wp:attachment":[{"href":"https:\/\/www.cronacaonline.it\/index.php\/wp-json\/wp\/v2\/media?parent=74827"}],"wp:term":[{"taxonomy":"category","embeddable":true,"href":"https:\/\/www.cronacaonline.it\/index.php\/wp-json\/wp\/v2\/categories?post=74827"},{"taxonomy":"post_tag","embeddable":true,"href":"https:\/\/www.cronacaonline.it\/index.php\/wp-json\/wp\/v2\/tags?post=74827"}],"curies":[{"name":"wp","href":"https:\/\/api.w.org\/{rel}","templated":true}]}}