{"id":74571,"date":"2012-07-07T00:00:00","date_gmt":"2012-07-06T22:00:00","guid":{"rendered":"http:\/\/www.cronacaonline.it\/public\/content\/index.php\/2012\/07\/07\/vertenza-aias-assessore-de-francisci-primi-spiragli-positivi-regione-continua-mediazione\/"},"modified":"2012-07-07T00:00:00","modified_gmt":"2012-07-06T22:00:00","slug":"vertenza-aias-assessore-de-francisci-primi-spiragli-positivi-regione-continua-mediazione","status":"publish","type":"post","link":"https:\/\/www.cronacaonline.it\/index.php\/2012\/07\/07\/vertenza-aias-assessore-de-francisci-primi-spiragli-positivi-regione-continua-mediazione\/","title":{"rendered":"Vertenza Aias, assessore De Francisci: primi spiragli positivi, Regione continua mediazione"},"content":{"rendered":"<p>\u201cLa Regione continuer\u00e0 a fare la sua parte di intermediaria tra le Asl e l'Aias per arrivare a una positiva soluzione della vertenza\u201d. Lo comunica l'assessore regionale della Sanit\u00e0, Simona De Francisci, a proposito dell'annosa vicenda sulla quale la Regione sta conducendo un delicato lavoro di mediazione.<\/p>\n<p>\"Gi\u00e0 nei giorni scorsi - aggiunge De Francisci - si \u00e8' arrivati alla chiusura dell'accordo tra Asl 4 e l'Aias, che permetter\u00e0 a quest'ultima di incassare oltre 2 milioni di euro utili a pagare una prima parte degli stipendi arretrati degli operatori sanitari. Questa cifra, occorre chiarirlo, sar\u00e0 impiegata dall'Aias non solo per chi lavora nella struttura ogliastrina, ma anche a favore degli operatori di altre strutture. Sono in via di definizione, inoltre, gli atti transativi per arrivare all'intesa tra Aias e Asl 1 di Sassari e sappiamo che sono in corso le procedure amministrative anche con la Asl 7 e la Asl di Olbia. Gi\u00e0 concluso, ancora, l'accordo con la Asl 8 per una parte del dovuto\".<\/p>\n<p>\u201cIn ogni caso, continueremo a vigilare e nell'opera di controllo affinch\u00e9 questa lunga vertenza possa risolversi definitivamente con soddisfazione di tutti i soggetti coinvolti\u201d, conclude l'assessore De Francisci.<\/p>\n","protected":false},"excerpt":{"rendered":"<p>\u201cLa Regione continuer\u00e0 a fare la sua parte di intermediaria tra le Asl e l&#8217;Aias per arrivare a una positiva soluzione della vertenza\u201d. Lo comunica&#8230;<\/p>\n","protected":false},"author":2,"featured_media":0,"comment_status":"closed","ping_status":"closed","sticky":false,"template":"","format":"standard","meta":[],"categories":[49],"tags":[],"_links":{"self":[{"href":"https:\/\/www.cronacaonline.it\/index.php\/wp-json\/wp\/v2\/posts\/74571"}],"collection":[{"href":"https:\/\/www.cronacaonline.it\/index.php\/wp-json\/wp\/v2\/posts"}],"about":[{"href":"https:\/\/www.cronacaonline.it\/index.php\/wp-json\/wp\/v2\/types\/post"}],"author":[{"embeddable":true,"href":"https:\/\/www.cronacaonline.it\/index.php\/wp-json\/wp\/v2\/users\/2"}],"replies":[{"embeddable":true,"href":"https:\/\/www.cronacaonline.it\/index.php\/wp-json\/wp\/v2\/comments?post=74571"}],"version-history":[{"count":0,"href":"https:\/\/www.cronacaonline.it\/index.php\/wp-json\/wp\/v2\/posts\/74571\/revisions"}],"wp:attachment":[{"href":"https:\/\/www.cronacaonline.it\/index.php\/wp-json\/wp\/v2\/media?parent=74571"}],"wp:term":[{"taxonomy":"category","embeddable":true,"href":"https:\/\/www.cronacaonline.it\/index.php\/wp-json\/wp\/v2\/categories?post=74571"},{"taxonomy":"post_tag","embeddable":true,"href":"https:\/\/www.cronacaonline.it\/index.php\/wp-json\/wp\/v2\/tags?post=74571"}],"curies":[{"name":"wp","href":"https:\/\/api.w.org\/{rel}","templated":true}]}}