{"id":74443,"date":"2012-06-18T00:00:00","date_gmt":"2012-06-17T22:00:00","guid":{"rendered":"http:\/\/www.cronacaonline.it\/public\/content\/index.php\/2012\/06\/18\/progetto-gestione-rifiuti-minerari-assessore-zedda-incontra-delegazione-turca\/"},"modified":"2012-06-18T00:00:00","modified_gmt":"2012-06-17T22:00:00","slug":"progetto-gestione-rifiuti-minerari-assessore-zedda-incontra-delegazione-turca","status":"publish","type":"post","link":"https:\/\/www.cronacaonline.it\/index.php\/2012\/06\/18\/progetto-gestione-rifiuti-minerari-assessore-zedda-incontra-delegazione-turca\/","title":{"rendered":"Progetto Gestione rifiuti minerari: Assessore Zedda incontra delegazione turca"},"content":{"rendered":"<p>L'assessore dell'industria, Alessandra Zedda, ha ricevuto questa mattina, nella sede dell'assessorato, la delegazione ministeriale turca, in visita in Sardegna nell'ambito del progetto di gemellaggio europeo sulla gestione dei rifiuti minerari tra l\u2019Italia, la Francia e la Turchia. Il progetto \"Mining Waste Management\", finanziato dall'Unione Europea e coordinato dall'Agenzia francese di ricerche geologiche e minerarie, consentir\u00e0 alla Turchia di dotarsi, non solo degli strumenti necessari per adeguarsi alla normativa europea, ma anche di approfondire le migliori tecniche di gestione dei rifiuti finalizzate al recupero ambientale.<\/p>\n<p>\"Dallo scambio di conoscenze - ha affermato l'esponente della Giunta regionale - deriver\u00e0 un grande beneficio sia per la Turchia che per l'Italia e la Francia. Per la Sardegna, una terra caratterizzata da un\u2019antica tradizione mineraria, il confronto con le altre realt\u00e0 \u00e8 una grande occasione di riflessione\u201d.<\/p>\n<p>La delegazione turca \u00e8 composta dai rappresentanti del Ministero dell'ambiente, della Pianificazione Urbana (MEUP), nonch\u00e9 dal Ministero dell\u2019Energia e delle Risorse Naturali (MENR), guidati dai rappresentanti francesi e italiani.<\/p>\n<p>Il gruppo di ricerca ha gi\u00e0 visitato i siti francesi e, nei prossimi giorni, esplorer\u00e0 alcune delle pi\u00f9 importanti realt\u00e0 minerarie sarde: la Laveria Marmod di Assemini, la miniera della Carbosulcis, Funtana Piroi di Escalaplano, Montecuccureddu a Orani e Monteponi a Iglesias, che si sono messe a disposizione per illustrare i propri progetti, ma soprattutto le proprie esperienze. La Turchia vanta ben 7.000 miniere in attivit\u00e0 - dei pi\u00f9 diversi minerali \u2013 dai sali di boro (utilizzati per le pitture antimuffa) ai minerali metallici quali oro, argento, zinco, piombo, alle pietre ornamentali. Attualmente l\u2019attivit\u00e0 mineraria \u00e8 in pieno sviluppo e si registra l'apertura di una miniera metallica al mese. Per questi motivi l'approfondimento in materia di recupero ambientale \u00e8 diventata una priorit\u00e0. Com<\/p>\n","protected":false},"excerpt":{"rendered":"<p>L&#8217;assessore dell&#8217;industria, Alessandra Zedda, ha ricevuto questa mattina, nella sede dell&#8217;assessorato, la delegazione ministeriale turca, in visita in Sardegna nell&#8217;ambito del progetto di gemellaggio europeo&#8230;<\/p>\n","protected":false},"author":2,"featured_media":12710,"comment_status":"closed","ping_status":"closed","sticky":false,"template":"","format":"standard","meta":[],"categories":[49],"tags":[],"_links":{"self":[{"href":"https:\/\/www.cronacaonline.it\/index.php\/wp-json\/wp\/v2\/posts\/74443"}],"collection":[{"href":"https:\/\/www.cronacaonline.it\/index.php\/wp-json\/wp\/v2\/posts"}],"about":[{"href":"https:\/\/www.cronacaonline.it\/index.php\/wp-json\/wp\/v2\/types\/post"}],"author":[{"embeddable":true,"href":"https:\/\/www.cronacaonline.it\/index.php\/wp-json\/wp\/v2\/users\/2"}],"replies":[{"embeddable":true,"href":"https:\/\/www.cronacaonline.it\/index.php\/wp-json\/wp\/v2\/comments?post=74443"}],"version-history":[{"count":0,"href":"https:\/\/www.cronacaonline.it\/index.php\/wp-json\/wp\/v2\/posts\/74443\/revisions"}],"wp:featuredmedia":[{"embeddable":true,"href":"https:\/\/www.cronacaonline.it\/index.php\/wp-json\/wp\/v2\/media\/12710"}],"wp:attachment":[{"href":"https:\/\/www.cronacaonline.it\/index.php\/wp-json\/wp\/v2\/media?parent=74443"}],"wp:term":[{"taxonomy":"category","embeddable":true,"href":"https:\/\/www.cronacaonline.it\/index.php\/wp-json\/wp\/v2\/categories?post=74443"},{"taxonomy":"post_tag","embeddable":true,"href":"https:\/\/www.cronacaonline.it\/index.php\/wp-json\/wp\/v2\/tags?post=74443"}],"curies":[{"name":"wp","href":"https:\/\/api.w.org\/{rel}","templated":true}]}}