{"id":74358,"date":"2012-05-21T00:00:00","date_gmt":"2012-05-20T22:00:00","guid":{"rendered":"http:\/\/www.cronacaonline.it\/public\/content\/index.php\/2012\/05\/21\/asinara-la-spisa-assoluta-contrarieta-alla-riesumazione-della-presenza-carceraria-e-di-parchi-eolici-off-shore\/"},"modified":"2012-05-21T00:00:00","modified_gmt":"2012-05-20T22:00:00","slug":"asinara-la-spisa-assoluta-contrarieta-alla-riesumazione-della-presenza-carceraria-e-di-parchi-eolici-off-shore","status":"publish","type":"post","link":"https:\/\/www.cronacaonline.it\/index.php\/2012\/05\/21\/asinara-la-spisa-assoluta-contrarieta-alla-riesumazione-della-presenza-carceraria-e-di-parchi-eolici-off-shore\/","title":{"rendered":"Asinara. La Spisa: &#8220;Assoluta contrariet\u00e0 alla riesumazione della presenza carceraria e di parchi eolici off shore&#8221;"},"content":{"rendered":"<p>\u201cAssoluta contrariet\u00e0 sia alla riesumazione della presenza carceraria sia alla costruzione di parchi eolici off shore. Nell\u2019ambito dell\u2019area di crisi del sassarese il potenziamento del Parco come attrattore turistico rientra tra le priorit\u00e0 di rilancio.&nbsp; La nostra posizione sar\u00e0 tanto pi\u00f9 convincente quanto pi\u00f9 concrete saranno le iniziative finalizzate alla riqualificazione produttiva dell'area di crisi\u201d.<\/p>\n<p>E\u2019 quanto affermato dal vice presidente della Regione e assessore della Programmazione, Giorgio La Spisa, che oggi a Sassari ha presieduto il tavolo del partenariato istituzionale sui progetti di rilancio dell\u2019area di crisi di Porto Torres.<\/p>\n<p>\u201cNel corso dell'incontro sono stati individuati gli obiettivi prioritari da raggiungere&nbsp; \u2013 ha ripreso La Spisa - in particolare la realizzazione della rete idrica nell'isola dell'Asinara e il finanziamento della rete del gas e della fibra ottica nell'area industriale di Porto Torres. Nel corso del prossimo incontro, fissato per l\u201911 giugno, saranno definiti interventi e relative risorse finanziarie\u201d. Com<\/p>\n","protected":false},"excerpt":{"rendered":"<p>\u201cAssoluta contrariet\u00e0 sia alla riesumazione della presenza carceraria sia alla costruzione di parchi eolici off shore. Nell\u2019ambito dell\u2019area di crisi del sassarese il potenziamento del&#8230;<\/p>\n","protected":false},"author":2,"featured_media":0,"comment_status":"closed","ping_status":"closed","sticky":false,"template":"","format":"standard","meta":[],"categories":[49],"tags":[],"_links":{"self":[{"href":"https:\/\/www.cronacaonline.it\/index.php\/wp-json\/wp\/v2\/posts\/74358"}],"collection":[{"href":"https:\/\/www.cronacaonline.it\/index.php\/wp-json\/wp\/v2\/posts"}],"about":[{"href":"https:\/\/www.cronacaonline.it\/index.php\/wp-json\/wp\/v2\/types\/post"}],"author":[{"embeddable":true,"href":"https:\/\/www.cronacaonline.it\/index.php\/wp-json\/wp\/v2\/users\/2"}],"replies":[{"embeddable":true,"href":"https:\/\/www.cronacaonline.it\/index.php\/wp-json\/wp\/v2\/comments?post=74358"}],"version-history":[{"count":0,"href":"https:\/\/www.cronacaonline.it\/index.php\/wp-json\/wp\/v2\/posts\/74358\/revisions"}],"wp:attachment":[{"href":"https:\/\/www.cronacaonline.it\/index.php\/wp-json\/wp\/v2\/media?parent=74358"}],"wp:term":[{"taxonomy":"category","embeddable":true,"href":"https:\/\/www.cronacaonline.it\/index.php\/wp-json\/wp\/v2\/categories?post=74358"},{"taxonomy":"post_tag","embeddable":true,"href":"https:\/\/www.cronacaonline.it\/index.php\/wp-json\/wp\/v2\/tags?post=74358"}],"curies":[{"name":"wp","href":"https:\/\/api.w.org\/{rel}","templated":true}]}}