{"id":74155,"date":"2012-04-10T00:00:00","date_gmt":"2012-04-09T22:00:00","guid":{"rendered":"http:\/\/www.cronacaonline.it\/public\/content\/index.php\/2012\/04\/10\/da-mercoledi-11-aprile-inizia-la-vendita-dei-nuovi-abbonamenti-alla-stagione-lirica-e-di-balletto-2012-del-teatro-lirico-di-cagliari\/"},"modified":"2012-04-10T00:00:00","modified_gmt":"2012-04-09T22:00:00","slug":"da-mercoledi-11-aprile-inizia-la-vendita-dei-nuovi-abbonamenti-alla-stagione-lirica-e-di-balletto-2012-del-teatro-lirico-di-cagliari","status":"publish","type":"post","link":"https:\/\/www.cronacaonline.it\/index.php\/2012\/04\/10\/da-mercoledi-11-aprile-inizia-la-vendita-dei-nuovi-abbonamenti-alla-stagione-lirica-e-di-balletto-2012-del-teatro-lirico-di-cagliari\/","title":{"rendered":"Da mercoled\u00ec 11 aprile inizia la vendita dei nuovi abbonamenti alla Stagione lirica e di balletto 2012 del Teatro Lirico di Cagliari"},"content":{"rendered":"<p>La campagna abbonamenti per l\u2019ormai imminente Stagionelirica e di balletto 2012 del Teatro Lirico di Cagliari, prosegue con i nuoviabbonamenti che saranno in vendita da mercoled\u00ec 11 aprile a mercoled\u00ec 18 aprile.<\/p>\n<p>La Stagione lirica e di balletto 2012 prevede sei turni diabbonamento (A, B, C, D, F, G), per sei spettacoli ciascuno (Don Quichotte, LeRossignol-Gianni Schicchi, Le nozze di Figaro, Nabucco, Salome, La Belle - Labella addormentata nel bosco).<\/p>\n<p><span style=\"mso-spacerun: yes;\">&nbsp;<\/span>Come ormaiconsuetudine i posti in teatro sono identificati per ordine (platea, prima eseconda loggia) e per settore (giallo, rosso e blu). Ad ogni settorecorrisponde un prezzo, secondo il diverso valore dei posti.<\/p>\n<p><span style=\"mso-spacerun: yes;\">&nbsp;<\/span>La Stagione lirica edi balletto 2012 si avvale della collaborazione di: Fondazione Banco diSardegna, Capitta &amp; Partners.<\/p>\n<p><span style=\"mso-spacerun: yes;\">&nbsp;<\/span>Prezzi abbonamenti:platea da \u20ac <st1:metricconverter w:st=\"on\" ProductID=\"255,00 a\">255,00 a<\/st1:metricconverter>\u20ac 195,00 (settore giallo), da \u20ac <st1:metricconverter w:st=\"on\" ProductID=\"225,00 a\">225,00 a<\/st1:metricconverter> \u20ac 175,00 (settore rosso), da \u20ac <st1:metricconverter w:st=\"on\" ProductID=\"195,00 a\">195,00 a<\/st1:metricconverter> \u20ac 130,00 (settoreblu); I loggia da \u20ac <st1:metricconverter w:st=\"on\" ProductID=\"205,00 a\">205,00 a<\/st1:metricconverter> \u20ac 145,00 (settore giallo), da \u20ac <st1:metricconverter w:st=\"on\" ProductID=\"165,00 a\">165,00 a<\/st1:metricconverter> \u20ac 120,00 (settorerosso), da \u20ac <st1:metricconverter w:st=\"on\" ProductID=\"150,00 a\">150,00 a<\/st1:metricconverter>\u20ac 105,00 (settore blu); II loggia da \u20ac <st1:metricconverter w:st=\"on\" ProductID=\"120,00 a\">120,00 a<\/st1:metricconverter> \u20ac 105,00 (settore giallo), da \u20ac <st1:metricconverter w:st=\"on\" ProductID=\"100,00 a\">100,00 a<\/st1:metricconverter> \u20ac 80,00 (settorerosso), da \u20ac <st1:metricconverter w:st=\"on\" ProductID=\"75,00 a\">75,00 a<\/st1:metricconverter>\u20ac 50,00 (settore blu).<\/p>\n<p><span style=\"mso-spacerun: yes;\">&nbsp;<\/span>La Biglietteria delTeatro Lirico \u00e8 aperta dal luned\u00ec al venerd\u00ec, dalle 10 alle 13 e dalle 17 alle20, il sabato dalle 10 alle 13 e nell\u2019ora precedente lo spettacolo. Rimanechiusa i giorni festivi. Com<\/p>\n","protected":false},"excerpt":{"rendered":"<p>La campagna abbonamenti per l\u2019ormai imminente Stagionelirica e di balletto 2012 del Teatro Lirico di Cagliari, prosegue con i nuoviabbonamenti che saranno in vendita da&#8230;<\/p>\n","protected":false},"author":2,"featured_media":0,"comment_status":"closed","ping_status":"closed","sticky":false,"template":"","format":"standard","meta":[],"categories":[49],"tags":[],"_links":{"self":[{"href":"https:\/\/www.cronacaonline.it\/index.php\/wp-json\/wp\/v2\/posts\/74155"}],"collection":[{"href":"https:\/\/www.cronacaonline.it\/index.php\/wp-json\/wp\/v2\/posts"}],"about":[{"href":"https:\/\/www.cronacaonline.it\/index.php\/wp-json\/wp\/v2\/types\/post"}],"author":[{"embeddable":true,"href":"https:\/\/www.cronacaonline.it\/index.php\/wp-json\/wp\/v2\/users\/2"}],"replies":[{"embeddable":true,"href":"https:\/\/www.cronacaonline.it\/index.php\/wp-json\/wp\/v2\/comments?post=74155"}],"version-history":[{"count":0,"href":"https:\/\/www.cronacaonline.it\/index.php\/wp-json\/wp\/v2\/posts\/74155\/revisions"}],"wp:attachment":[{"href":"https:\/\/www.cronacaonline.it\/index.php\/wp-json\/wp\/v2\/media?parent=74155"}],"wp:term":[{"taxonomy":"category","embeddable":true,"href":"https:\/\/www.cronacaonline.it\/index.php\/wp-json\/wp\/v2\/categories?post=74155"},{"taxonomy":"post_tag","embeddable":true,"href":"https:\/\/www.cronacaonline.it\/index.php\/wp-json\/wp\/v2\/tags?post=74155"}],"curies":[{"name":"wp","href":"https:\/\/api.w.org\/{rel}","templated":true}]}}