{"id":74129,"date":"2012-04-15T00:00:00","date_gmt":"2012-04-14T22:00:00","guid":{"rendered":"http:\/\/www.cronacaonline.it\/public\/content\/index.php\/2012\/04\/15\/stop-al-leader-carismatico-maroni-il-segretario-dopo-bossi-potrei-non-essere-io\/"},"modified":"2012-04-15T00:00:00","modified_gmt":"2012-04-14T22:00:00","slug":"stop-al-leader-carismatico-maroni-il-segretario-dopo-bossi-potrei-non-essere-io","status":"publish","type":"post","link":"https:\/\/www.cronacaonline.it\/index.php\/2012\/04\/15\/stop-al-leader-carismatico-maroni-il-segretario-dopo-bossi-potrei-non-essere-io\/","title":{"rendered":"Stop al leader carismatico: Maroni, il segretario dopo Bossi? Potrei non essere io"},"content":{"rendered":"<p>\"Dopo Bossi non verr\u00e0 un nuovo Bossi\" perch\u00e9\"un leader carismatico&nbsp;\u00e8 per sua natura insostituibile\". Verr\u00e0\"un nuovo assetto e una nuova squadra\" ma a guidarla potrebbe anchenon essere Roberto Maroni. A dirlo, in una intervista al Corriere dellaSera,&nbsp;\u00e8 lo stesso esponente leghista, sottolineando che \"se ilcongresso eleggesse un segretario veneto sarei l'uomo pi\u00f9 felice delmondo\".&nbsp;<\/p>\n<p>La Lega \"del futuro, 2.0 - aggiunge - ha bisogno digiovani e per fortuna ne abbiamo: Zaia, Tosi, Cota, Giorgetti. Hanno la stoffadel leader? Non lo so. Valuteremo\". Ma \"di sicuro sar\u00e0 un segretariodavvero federale, collegiale, primo inter pares che tenga insieme il partito, seno frana tutto\".&nbsp;<\/p>\n<p>Anche perch\u00e9 \"ogni giorno ne spunta una nuova, adesso ilingotti e i diamanti...roba da film dell'orrore pi\u00f9 che da partitopolitico\". Maroni, comunque, resta convinto che il Senatur non sapessenulla: \"Continuo a credere che l'Umberto Bossi che conosco io sia diverso.Mi pare impossibile che sia cambiato. Mi pare impossibile che fosse consapevoledi quanto accadeva. Se verr\u00e0 accertato il contrario me ne dispiacer\u00f2 \".&nbsp;<\/p>\n<p>Intanto bisogna ripartire con la politica e\"l'indipendenza della Padania rester\u00e0 sempre il nostro progetto, laprospettiva non \u00e8 affatto tramontata, anzi, il momento \u00e8 propizio\". E\"l'istinto prevalente\" \u00e8 quello di \"puntare sull'identit\u00e0 eandare da soli\" anche se su una futura ripresa dell'alleanza con il Pdldecider\u00e0 il congresso, fermo restando che perch\u00e9 il dialogo riprenda da partedel partito di Berlusconi ci deve essere il riconoscimento \"dell'errore diaver sostenuto Monti\". Quanto agli scandali in Lombardia, Maroni assicurache la Lega non far\u00e0 cadere Formigoni.&nbsp;<\/p>\n<p>\"Se poi lui nel 2013 decider\u00e0 di andare a Roma noi cicandideremo a governare la Lombardia\". Infine Tremonti: con l'ex ministrodell'Economia i rapporti sono \"freddi. Lui e' insofferente a ogni critica.Io per\u00f2 lo stimo molto. Ha spunti geniali. Nella fase di progettazione che ciattende il suo contributo sarebbe prezioso\".<\/p>\n","protected":false},"excerpt":{"rendered":"<p>&#8220;Dopo Bossi non verr\u00e0 un nuovo Bossi&#8221; perch\u00e9&#8221;un leader carismatico&nbsp;\u00e8 per sua natura insostituibile&#8221;. Verr\u00e0&#8221;un nuovo assetto e una nuova squadra&#8221; ma a guidarla potrebbe&#8230;<\/p>\n","protected":false},"author":2,"featured_media":0,"comment_status":"closed","ping_status":"closed","sticky":false,"template":"","format":"standard","meta":[],"categories":[49],"tags":[],"_links":{"self":[{"href":"https:\/\/www.cronacaonline.it\/index.php\/wp-json\/wp\/v2\/posts\/74129"}],"collection":[{"href":"https:\/\/www.cronacaonline.it\/index.php\/wp-json\/wp\/v2\/posts"}],"about":[{"href":"https:\/\/www.cronacaonline.it\/index.php\/wp-json\/wp\/v2\/types\/post"}],"author":[{"embeddable":true,"href":"https:\/\/www.cronacaonline.it\/index.php\/wp-json\/wp\/v2\/users\/2"}],"replies":[{"embeddable":true,"href":"https:\/\/www.cronacaonline.it\/index.php\/wp-json\/wp\/v2\/comments?post=74129"}],"version-history":[{"count":0,"href":"https:\/\/www.cronacaonline.it\/index.php\/wp-json\/wp\/v2\/posts\/74129\/revisions"}],"wp:attachment":[{"href":"https:\/\/www.cronacaonline.it\/index.php\/wp-json\/wp\/v2\/media?parent=74129"}],"wp:term":[{"taxonomy":"category","embeddable":true,"href":"https:\/\/www.cronacaonline.it\/index.php\/wp-json\/wp\/v2\/categories?post=74129"},{"taxonomy":"post_tag","embeddable":true,"href":"https:\/\/www.cronacaonline.it\/index.php\/wp-json\/wp\/v2\/tags?post=74129"}],"curies":[{"name":"wp","href":"https:\/\/api.w.org\/{rel}","templated":true}]}}