{"id":74121,"date":"2012-04-18T00:00:00","date_gmt":"2012-04-17T22:00:00","guid":{"rendered":"http:\/\/www.cronacaonline.it\/public\/content\/index.php\/2012\/04\/18\/incontro-fra-il-presidente-della-provincia-di-nuoro-roberto-deriu-e-i-sindaci-del-mandrolisai-per-il-patto-dei-piccoli\/"},"modified":"2012-04-18T00:00:00","modified_gmt":"2012-04-17T22:00:00","slug":"incontro-fra-il-presidente-della-provincia-di-nuoro-roberto-deriu-e-i-sindaci-del-mandrolisai-per-il-patto-dei-piccoli","status":"publish","type":"post","link":"https:\/\/www.cronacaonline.it\/index.php\/2012\/04\/18\/incontro-fra-il-presidente-della-provincia-di-nuoro-roberto-deriu-e-i-sindaci-del-mandrolisai-per-il-patto-dei-piccoli\/","title":{"rendered":"Incontro fra il Presidente della Provincia di Nuoro Roberto Deriu e i sindaci del Mandrolisai per il Patto dei Piccoli."},"content":{"rendered":"<p>Il Presidente della Provincia di Nuoro, Roberto Deriu, haincontrato questa mattina a Sorgono, nei locali del CSL, i sindaci delMandrolisai per l\u2019esame delle misure da inserire nel Patto dei Piccoli,l\u2019accordo fra le amministrazioni locali della Provincia per contenere glieffetti della crisi. Il Presidente Deriu ha spiegato ognuno in questo momentodeve fare la sua parte e anche se le risorse e la capacit\u00e0 di intervenirenormativamente \u00e8 praticamente tutta in mano a Stato e Regione, gli Enti Locali,\u201cI Piccoli\u201d, possono aiutare imprese e cittadini sforzandosi ad accelerare larealizzazione dei progetti in essere, rendendo quanto pi\u00f9 efficiente possibilela macchina burocratica e predisponendo azioni e progetti sui quali farconvergere ogni forzo.<\/p>\n<p>\u201cSono gi\u00e0 operative azioni come quella chiamata Taglia-tempo\u2013 ha detto il Presidente della provincia \u2013 per accelerare le procedure erendere pi\u00f9 snelli e facili rapporti con i cittadini e le imprese: ai Comuniche firmano il Patto dei Piccoli chiediamo di promuovere il fatto che inProvincia fra breve ci sar\u00e0 L\u2019ufficio Relazioni con il Pubblico, che permetter\u00e0fra le altre cose alle imprese di poter trasformare in formato digitale ipropri documenti, e l\u2019ufficio di collegamento con le altre amministrazionipubbliche che render\u00e0 possibile chiedere in un solo ufficio tutti i documenti\u201d.<\/p>\n<p>Il Presidente Deriu ha poi annunciato che grazie ad unfinanziamenti regionale potr\u00e0 andare avanti il progetto Albergo Diffuso. \u201cIntanti centri del Mandrolisai \u2013 ha detto \u2013 c\u2019\u00e8 un patrimonio di case disabitateo abbandonate che pu\u00f2 diventare &nbsp;in una risorsa se viene trasformato instruttura ricettiva\u201d. Fra gli altre misure da esaminare, anche quelle relativealla formazione, per far s\u00ec che esita la possibilit\u00e0 di qualificareprofessionalmente i tanti giovani che cercano lavoro. \u201cSI deve intervenireanche sui sistemi bibliotecari e museali \u2013 ha poi sottolineato il PresidenteDeriu \u2013 perch\u00e9 nel Mandrolisai esistono realt\u00e0 di questo tipo che vannopotenziate e messe in rete\u201d. I sindaci si son detti d\u2019accordo sul contenuto delPatto dei Piccoli cos\u00ec che nei prossimi giorni si arriver\u00e0 alla firma, allaquale sar\u00e0 chiamata anche la Comunit\u00e0 Montana del Mandrolisai che potr\u00e0 avereun ruolo importante nella realizzazione di alcune misure sovracomunali chesaranno inserite nell\u2019accordo.&nbsp;Com<\/p>\n","protected":false},"excerpt":{"rendered":"<p>Il Presidente della Provincia di Nuoro, Roberto Deriu, haincontrato questa mattina a Sorgono, nei locali del CSL, i sindaci delMandrolisai per l\u2019esame delle misure da&#8230;<\/p>\n","protected":false},"author":2,"featured_media":0,"comment_status":"closed","ping_status":"closed","sticky":false,"template":"","format":"standard","meta":[],"categories":[49],"tags":[],"_links":{"self":[{"href":"https:\/\/www.cronacaonline.it\/index.php\/wp-json\/wp\/v2\/posts\/74121"}],"collection":[{"href":"https:\/\/www.cronacaonline.it\/index.php\/wp-json\/wp\/v2\/posts"}],"about":[{"href":"https:\/\/www.cronacaonline.it\/index.php\/wp-json\/wp\/v2\/types\/post"}],"author":[{"embeddable":true,"href":"https:\/\/www.cronacaonline.it\/index.php\/wp-json\/wp\/v2\/users\/2"}],"replies":[{"embeddable":true,"href":"https:\/\/www.cronacaonline.it\/index.php\/wp-json\/wp\/v2\/comments?post=74121"}],"version-history":[{"count":0,"href":"https:\/\/www.cronacaonline.it\/index.php\/wp-json\/wp\/v2\/posts\/74121\/revisions"}],"wp:attachment":[{"href":"https:\/\/www.cronacaonline.it\/index.php\/wp-json\/wp\/v2\/media?parent=74121"}],"wp:term":[{"taxonomy":"category","embeddable":true,"href":"https:\/\/www.cronacaonline.it\/index.php\/wp-json\/wp\/v2\/categories?post=74121"},{"taxonomy":"post_tag","embeddable":true,"href":"https:\/\/www.cronacaonline.it\/index.php\/wp-json\/wp\/v2\/tags?post=74121"}],"curies":[{"name":"wp","href":"https:\/\/api.w.org\/{rel}","templated":true}]}}