{"id":74108,"date":"2012-04-13T00:00:00","date_gmt":"2012-04-12T22:00:00","guid":{"rendered":"http:\/\/www.cronacaonline.it\/public\/content\/index.php\/2012\/04\/13\/csl-liori-martedi-17-incontro-con-patroni-griffi-ministro-per-la-pa\/"},"modified":"2012-04-13T00:00:00","modified_gmt":"2012-04-12T22:00:00","slug":"csl-liori-martedi-17-incontro-con-patroni-griffi-ministro-per-la-pa","status":"publish","type":"post","link":"https:\/\/www.cronacaonline.it\/index.php\/2012\/04\/13\/csl-liori-martedi-17-incontro-con-patroni-griffi-ministro-per-la-pa\/","title":{"rendered":"Csl &#8211; Liori: \u2018Marted\u00ec 17, incontro con Patroni Griffi, ministro per la PA\u2019"},"content":{"rendered":"<p>\u201cMarted\u00ec 17 incontrer\u00f2 a Roma il ministro per la PubblicaAmministrazione, Filippo Patroni Griffi, per prospettargli la soluzione alproblema dei Centri servizi per il lavoro (Csl).\u201d Lo ha comunicato l'assessoredel Lavoro, Antonello Liori, durante la riunione di questa mattina coiSindacati.<\/p>\n<p>\"Dopo le Province, ho voluto proseguire il dialogoanche coi sindacati, ai quali comunque non ho nascosto le mie perplessit\u00e0 perlo sciopero proclamato addirittura prima dell'incontro, perci\u00f2 senza neancheconoscere quali fossero le mie comunicazioni odierne - ha aggiunto Liori -Inoltre, non va dimenticato che&nbsp;per ben 7 anni nessuno si \u00e8 fatto caricodel problema, mentre in pochi mesi ho verificato&nbsp;diverse proposte perrisolvere&nbsp;il problema dei Csl e dei Cesil. Ora, valutata la loroimpercorribilit\u00e0 giuridica, mi rivolger\u00f2 direttamente&nbsp;al Ministro perproporgli una soluzione, secondo uno schema gi\u00e0 adottato da altre Regioni. Incaso di risposta positiva,&nbsp;alla scadenza del 30 aprile si potrebbeottenere una proroga dei contratti in essere, in attesa dell'avvio dell'iterlegislativo per la riforma dell'intero servizio, che auspico venga concluso entroquest'anno\".<\/p>\n","protected":false},"excerpt":{"rendered":"<p>\u201cMarted\u00ec 17 incontrer\u00f2 a Roma il ministro per la PubblicaAmministrazione, Filippo Patroni Griffi, per prospettargli la soluzione alproblema dei Centri servizi per il lavoro (Csl).\u201d&#8230;<\/p>\n","protected":false},"author":2,"featured_media":0,"comment_status":"closed","ping_status":"closed","sticky":false,"template":"","format":"standard","meta":[],"categories":[49],"tags":[],"_links":{"self":[{"href":"https:\/\/www.cronacaonline.it\/index.php\/wp-json\/wp\/v2\/posts\/74108"}],"collection":[{"href":"https:\/\/www.cronacaonline.it\/index.php\/wp-json\/wp\/v2\/posts"}],"about":[{"href":"https:\/\/www.cronacaonline.it\/index.php\/wp-json\/wp\/v2\/types\/post"}],"author":[{"embeddable":true,"href":"https:\/\/www.cronacaonline.it\/index.php\/wp-json\/wp\/v2\/users\/2"}],"replies":[{"embeddable":true,"href":"https:\/\/www.cronacaonline.it\/index.php\/wp-json\/wp\/v2\/comments?post=74108"}],"version-history":[{"count":0,"href":"https:\/\/www.cronacaonline.it\/index.php\/wp-json\/wp\/v2\/posts\/74108\/revisions"}],"wp:attachment":[{"href":"https:\/\/www.cronacaonline.it\/index.php\/wp-json\/wp\/v2\/media?parent=74108"}],"wp:term":[{"taxonomy":"category","embeddable":true,"href":"https:\/\/www.cronacaonline.it\/index.php\/wp-json\/wp\/v2\/categories?post=74108"},{"taxonomy":"post_tag","embeddable":true,"href":"https:\/\/www.cronacaonline.it\/index.php\/wp-json\/wp\/v2\/tags?post=74108"}],"curies":[{"name":"wp","href":"https:\/\/api.w.org\/{rel}","templated":true}]}}