{"id":74038,"date":"2012-04-16T00:00:00","date_gmt":"2012-04-15T22:00:00","guid":{"rendered":"http:\/\/www.cronacaonline.it\/public\/content\/index.php\/2012\/04\/16\/successo-allunesco-per-la-sardaigne-la-musique-au-coeur-de-la-mediterranee-la-vetrina-parigina-dellaccademia-internazionale-di-musica-di-cagliari\/"},"modified":"2012-04-16T00:00:00","modified_gmt":"2012-04-15T22:00:00","slug":"successo-allunesco-per-la-sardaigne-la-musique-au-coeur-de-la-mediterranee-la-vetrina-parigina-dellaccademia-internazionale-di-musica-di-cagliari","status":"publish","type":"post","link":"https:\/\/www.cronacaonline.it\/index.php\/2012\/04\/16\/successo-allunesco-per-la-sardaigne-la-musique-au-coeur-de-la-mediterranee-la-vetrina-parigina-dellaccademia-internazionale-di-musica-di-cagliari\/","title":{"rendered":"Successo all&#8217;Unesco per &#8220;La Sardaigne, la Musique, au coeur de la M\u00e9diterran\u00e9e&#8221; la vetrina parigina dell&#8217;Accademia Internazionale di Musica di Cagliari."},"content":{"rendered":"<p>Successo, gioved\u00ec sera (12 aprile) a Parigi, per \"La Sardaigne, la Musique, au coeur de la M\u00e9diterran\u00e9e\", il consueto concerto di primavera organizzato dall'AccademiaInternazionale di Musica di Cagliari: un appuntamento ideato per salutare date e programma di ogni nuova edizione dei corsi di alto perfezionamento che si tengono in estate nel capoluogo sardo: la prossima, la dodicesima, \u00e8 in calendario dal 29 agosto al 6 settembre. <br \/>Per il quinto anno consecutivo il gal\u00e0 musicale \u00e8 andato in scena nella prestigiosa cornice della Maison dell'Unesco, richiamando ancora una volta un folto pubblico che hagremito i 1380 posti della Salle 1 del quartier generale dell'Organizzazione delle Nazioni Unite per l\u2019Educazione, la Scienza e la Cultura: la cornice ideale per sottolineare la vocazione internazionale dell'iniziativa didattica, capace di richiamare nel capoluogo sardo tanti giovani musicisti dai paesi pi\u00f9 diversi angoli diversi della terra (129 allievi di diciannove nazionalit\u00e0 nella passata edizione), ma anche il legame che unisce i corsi cagliaritani con Parigi. Qui ha piantato radici da oltre vent'anni il chitarrista sardo (diQuartu Sant'Elena) Cristian Marcia, direttore artistico dell'Accademia Internazionale di Musica di Cagliari che ha fondato nel 2001 con il fratello Gianluca (che ne \u00e8 invece ilpresidente). E dalla capitale francese arriva ogni estate anche la maggior parte dei musicisti che compongono il corpo docente dei corsi. Alcuni di questi sono stati appunto tra i protagonisti del concerto di gioved\u00ec: il pianista Jean-Marc Luisada, il quartetto d'archi Modigliani (i violinisti Philippe Bernhard e Loic Rio, il violista Laurent Marfaing e il violoncellista Fran\u00e7ois Kieffer), la flautista Mihi Kim e il violoncellista Philippe Muller (entrambi in duo con il pianista Paul Montag). In scaletta pagine di musica di Dvorak (Romance), Ravel (Quartetto in fa maggiore), Beethoven (Bagatelle op. 126) e Demersseman (Grande fantasia da concerto). <\/p>\n<p>Ma l'onore di aprire la serata, con una convincente interpretazione di Reflets dans l'eau di Debussy, \u00e8 spettato a un giovane pianista livornese, Federico Ciompi, che si \u00e8 messo in luce nell'ultima edizione dell'Accademia, meritandosi una delle tre borse di studio offerte ogni anno dall'Ecole Normale Sup\u00e9rieure de Musique \"Alfred Cortot\" di Parigi per frequentare i suoi corsi. E ancora una volta c'\u00e8 stato modo di apprezzare il talento di un altro ex allievo (e borsista) delle masterclass cagliaritane, il chitarrista francese S\u00e9bastien Llinares (che ha da poco firmato il suo primo album), impegnato a duettare sulle note di Albeniz (Mallorca op. 202) col suo maestro Cristian Marcia. <\/p>\n<p>Al centro dei riflettori per il gran finale, Marcia insieme al Quatuor Modigliani ha anche proposto 4 Songs after the Beatles di Leo Brouwer prima di suggellare il concerto accompagnando Caterina Murino nell'interpretazione (in francese) di una delle \"Lettere al gigante biondo\" di Grazia Deledda: un dialogo artistico tra il chitarrista e la voce recitante dell'attrice cagliaritana (anche lei di casa in Francia) gi\u00e0 applaudito lo scorso settembre a Cagliari in una de \"Le notti musicali\", la rassegna di tre serate concertistiche che fa da corollario a ogni edizione dei corsi dell'Accademia Internazionale di Musica. <\/p>\n<p>Come due anni fa, a Caterina Murino \u00e8 spettato anche il ruolo di madrina della serata e il compito di introdurre e presentare sul palco i rappresentanti delle principaliistituzioni che hanno contribuito alla riuscita di \"La Sardaigne, la Musique, au coeur de la M\u00e9diterran\u00e9e\". Il vicedirettore generale dell'UNESCO Getachew Engida, nel dare il benvenuto al pubblico, ha definito \"un privilegio\" ospitare questa anteprima dell'Accademia Internazionale di Musica di Cagliari, riconoscendo nell'iniziativa molte delle ragioni di fondo della stessa Organizzazione delle Nazioni Unite per l\u2019Educazione, la Scienza e la Cultura: la musica come dialogo fra i paesi, come fonte di creativit\u00e0 e sviluppo, motore di circolazione delle idee. Concetti efficacemente raccolti in una frase che ha voluto esprimere in italiano: \"La musica \u00e8 uno dei mezzi pi\u00f9 belli per osservare le diversit\u00e0 delle culture\". <\/p>\n<p>All'importanza della cultura, dell'educazione, della formazione e della comunicazione ha fatto riferimento anche Maurizio Enrico Serra, da due anni ambasciatore d'Italia all'UNESCO, che ha confessato di essere stato \"rapito da subito dalla bellezza, dalla semplicit\u00e0, e dalla generosit\u00e0\" dell'iniziativa. Il vicepresidente del Consiglio regionaleMichele Cossa ha reso invece merito all'Accademia perch\u00e9 propone \"una Sardegna forse inusuale, che si confronta con la grande cultura e la grande musica\", contribuendo a suscitare la curiosit\u00e0 \"per quegli aspetti che sempre pi\u00f9 i turisti vanno cercando, quei turisti che non vogliono fermarsi alla superficie delle cose ma vogliono scavare dentro l'anima di un popolo\". Sulla stessa lunghezza d'onda l'assessore al Turismo della Regione Autonoma della Sardegna Luigi Crisponi, che nel dare al pubblico dell'UNESCO il benvenuto alla serata l'ha voluto anche salutare con un arrivederci a presto nell'isola. <\/p>\n<p>\"Molto lavoro, molti sacrifici ma anche anche molte soddisfazioni\": Cristian Marcia, infine, nel ricordare come l'Accademia Internazionale di Musica di Cagliari sia nata con lo scopo di aiutare i giovani musicisti a crescere e confrontarsi con le grandi realt\u00e0 della musica internazionale, ha sottolineato con orgoglio lo spazio che l'iniziativa \u00e8 riuscita a costruirsi nel panorama della didattica. Un risultato reso possibile dalla passione e dalla collaborazione di tante persone e istituzioni che il progetto ha saputo coinvolgere. <\/p>\n<p>Organizzato con il contributo della Regione Autonoma della Sardegna (Presidenza della Giunta, Presidenza del Consiglio, Assessorato del Turismo, Artigianato e Commercio e Assessorato dell'Agricoltura e Riforma Agro-pastorale) e del Comune di Cagliari (Assessorato al Turismo e Assessorato alla Cultura), con il patrocinio della RappresentanzaPermanente d'Italia presso l'UNESCO, l'appuntamento parigino ha proposto ai suoi ospiti anche due occasioni per approfondire la conoscenza dell'isola \"nel cuore del Mediterraneo\": allestita nel foyer di fronte alla Salle 1, una suggestiva selezione di fotografie della Sardegna fra tradizioni, natura e cultura; e, dopo il concerto, al settimo piano della Maison dell'UNESCO, il consueto cocktail a base di piatti e vini isolani. <\/p>\n<p>Grande successo, dunque, e tante prove di stima per i fratelli Marcia, che ancora una volta hanno saputo organizzare e condurre in porto con passione e professionalit\u00e0 un appuntamento tanto prestigioso quanto complesso come \"La Sardaigne, la Musique, au coeur de la M\u00e9diterran\u00e9e\": un evento che l'anno scorso, non a caso, \u00e8 stato scelto dall'Ambasciata Italiana di Francia e dall'Ambasciata all'UNESCO per rappresentare nella capitale transalpina la festa per il centocinquantesimo anniversario dell'Unit\u00e0 d'Italia. <\/p>\n","protected":false},"excerpt":{"rendered":"<p>Successo, gioved\u00ec sera (12 aprile) a Parigi, per &#8220;La Sardaigne, la Musique, au coeur de la M\u00e9diterran\u00e9e&#8221;, il consueto concerto di primavera organizzato dall&#8217;AccademiaInternazionale di&#8230;<\/p>\n","protected":false},"author":2,"featured_media":0,"comment_status":"closed","ping_status":"closed","sticky":false,"template":"","format":"standard","meta":[],"categories":[49],"tags":[],"_links":{"self":[{"href":"https:\/\/www.cronacaonline.it\/index.php\/wp-json\/wp\/v2\/posts\/74038"}],"collection":[{"href":"https:\/\/www.cronacaonline.it\/index.php\/wp-json\/wp\/v2\/posts"}],"about":[{"href":"https:\/\/www.cronacaonline.it\/index.php\/wp-json\/wp\/v2\/types\/post"}],"author":[{"embeddable":true,"href":"https:\/\/www.cronacaonline.it\/index.php\/wp-json\/wp\/v2\/users\/2"}],"replies":[{"embeddable":true,"href":"https:\/\/www.cronacaonline.it\/index.php\/wp-json\/wp\/v2\/comments?post=74038"}],"version-history":[{"count":0,"href":"https:\/\/www.cronacaonline.it\/index.php\/wp-json\/wp\/v2\/posts\/74038\/revisions"}],"wp:attachment":[{"href":"https:\/\/www.cronacaonline.it\/index.php\/wp-json\/wp\/v2\/media?parent=74038"}],"wp:term":[{"taxonomy":"category","embeddable":true,"href":"https:\/\/www.cronacaonline.it\/index.php\/wp-json\/wp\/v2\/categories?post=74038"},{"taxonomy":"post_tag","embeddable":true,"href":"https:\/\/www.cronacaonline.it\/index.php\/wp-json\/wp\/v2\/tags?post=74038"}],"curies":[{"name":"wp","href":"https:\/\/api.w.org\/{rel}","templated":true}]}}