{"id":74037,"date":"2012-04-27T00:00:00","date_gmt":"2012-04-26T22:00:00","guid":{"rendered":"http:\/\/www.cronacaonline.it\/public\/content\/index.php\/2012\/04\/27\/sanita-medio-campidano-modello-di-integrazione-tra-servizi-nel-territorio-e-ospedale\/"},"modified":"2012-04-27T00:00:00","modified_gmt":"2012-04-26T22:00:00","slug":"sanita-medio-campidano-modello-di-integrazione-tra-servizi-nel-territorio-e-ospedale","status":"publish","type":"post","link":"https:\/\/www.cronacaonline.it\/index.php\/2012\/04\/27\/sanita-medio-campidano-modello-di-integrazione-tra-servizi-nel-territorio-e-ospedale\/","title":{"rendered":"Sanit\u00e0: Medio Campidano modello di integrazione tra servizi nel territorio e ospedale"},"content":{"rendered":"<p><span style='font-family: \"Times New Roman\",\"serif\";'>Il MedioCampidano come integrazione modello tra capillari strutture sanitarie delterritorio e centralit\u00e0 strategica dell\u2019ospedale, secondo quanto prevedono ilPiano di riorganizzazione della rete ospedaliera approvato dalla GiuntaCappellacci l\u2019anno scorso e le disposizioni nazionali.&nbsp;Oggi l\u2019assessoredella Sanit\u00e0 Simona De Francisci, durante un\u2019intera giornata dedicata allaprovincia, ha voluto conoscere da vicino eccellenze e problematiche dellasanit\u00e0 di questo territorio, con sopralluoghi all\u2019ospedale di San Gavino, allaCasa della salute di Villacidro, al centro riabilitativo di Guspini e alleterme di Sardara. Breve sopralluogo anche in un\u2019azienda suinicola diVillacidro. L\u2019assessore era accompagnata dal direttore generale della Asl 6,Salvatore Piu, dai sindaci locali e dai consiglieri regionali del territorio dimaggioranza e opposizione. \u201cQuesta \u00e8 una realt\u00e0 dove l\u2019offerta sanitaria \u2013 haspiegato l\u2019assessore \u2013 risponde bene all\u2019esigenza di poter contare su strutturesparse nei vari centri della provincia con un ospedale che, nonostante le tantecriticit\u00e0, funziona ed \u00e8 un punto di riferimento per i cittadini\u201d.<\/span><\/p>\n<p><span style='font-family: \"Times New Roman\",\"serif\";'>Aproposito del nosocomio di San Gavino (178 posti letto), l\u2019assessore haannunciato che i lavori per il primo lotto del nuovo complesso partiranno abreve. Nell\u2019immediato, visitando il reparto di Ginecologia e ostetricia eaccogliendo le richieste del personale sanitario, ha aggiunto che sar\u00e0operativo il servizio di Pediatria 24 ore al giorno. \u201cL\u2019impegno per la nuovastruttura non \u00e8 mai venuto meno \u2013 ha ribadito l\u2019assessore De Francisci - edialoghiamo con la Asl costantemente per perseguire un obiettivo molto attesodai centri del Medio Campidano. Nel frattempo, rivolgo un grande plauso a tuttoil personale, medici, infermieri e amministrativi, che ogni giorno garantisconoun servizio di qualit\u00e0 pur in una struttura logisticamente carente come altre,purtroppo, in Sardegna\u201d. L\u2019assessore ha poi confermato, incontrando irappresentanti del Comitato per il nuovo ospedale, che la Regione \u00e8 al lavoro sualtri fronti per garantire l\u2019arrivo di nuove risorse finanziarie.<\/span><\/p>\n<p><span style='font-family: \"Times New Roman\",\"serif\";'>Tappasuccessiva alla Casa della salute di Villacidro, \u201cesempio di sanit\u00e0 chefunziona, a misura d\u2019uomo e che ben si inquadra in quei servizi sanitari cheogni territorio deve esprimere, perch\u00e9 poi si facilita anche il lavoro negliospedali\u201d, ha detto la De Francisci. A proposito di sanit\u00e0 da potenziare, abreve saranno inaugurati altri due centri, a Lunamatrona e Serramanna.<\/span><\/p>\n<p><span style='font-family: \"Times New Roman\",\"serif\";'>Nelpomeriggio tappa anche a Guspini, prima alla Comunit\u00e0 Betania e poi al Centrodi riabilitazione Santa Maria Assunta, dove l\u2019assessore ha incontrato glioperatori e ascoltato le testimonianze dei familiari dei pazienti. Come soluzionepercorribile attualmente, e per garantire la continuit\u00e0 e il rilancio delservizio, la struttura sar\u00e0 affidata in comodato alla Asl 6, in attesa diintervenire per la sua messa in sicurezza su vari fronti. Contestualmente, \u00e8 allavoro una task force di tecnici Asl per predisporre una bozza di atto che,vista la complessit\u00e0 e gli enti coinvolti (Fondazione, Comune, istituti bancarie Asl), a breve sar\u00e0 condivisa con tutte le parti.<\/span><\/p>\n<p><span style='font-family: \"Times New Roman\",\"serif\";'>Inmattinata l\u2019assessore aveva fatto tappa alle terme di Sardara.\u201cSensibilizzeremo i medici per incoraggiare anche le cure termali, efficacicontro diverse patologie, e dall\u2019altra mi far\u00f2 promotore di un incontro conl\u2019assessore del Turismo Crisponi per valutare insieme la valorizzazione delturismo sanitario anche in manifestazioni di punta come la Bit di Milano\u201d.<\/span><\/p>\n<p><span style='font-family: \"Times New Roman\",\"serif\";'>&nbsp;<\/span><\/p>\n","protected":false},"excerpt":{"rendered":"<p>Il MedioCampidano come integrazione modello tra capillari strutture sanitarie delterritorio e centralit\u00e0 strategica dell\u2019ospedale, secondo quanto prevedono ilPiano di riorganizzazione della rete ospedaliera approvato dalla&#8230;<\/p>\n","protected":false},"author":2,"featured_media":0,"comment_status":"closed","ping_status":"closed","sticky":false,"template":"","format":"standard","meta":[],"categories":[49],"tags":[],"_links":{"self":[{"href":"https:\/\/www.cronacaonline.it\/index.php\/wp-json\/wp\/v2\/posts\/74037"}],"collection":[{"href":"https:\/\/www.cronacaonline.it\/index.php\/wp-json\/wp\/v2\/posts"}],"about":[{"href":"https:\/\/www.cronacaonline.it\/index.php\/wp-json\/wp\/v2\/types\/post"}],"author":[{"embeddable":true,"href":"https:\/\/www.cronacaonline.it\/index.php\/wp-json\/wp\/v2\/users\/2"}],"replies":[{"embeddable":true,"href":"https:\/\/www.cronacaonline.it\/index.php\/wp-json\/wp\/v2\/comments?post=74037"}],"version-history":[{"count":0,"href":"https:\/\/www.cronacaonline.it\/index.php\/wp-json\/wp\/v2\/posts\/74037\/revisions"}],"wp:attachment":[{"href":"https:\/\/www.cronacaonline.it\/index.php\/wp-json\/wp\/v2\/media?parent=74037"}],"wp:term":[{"taxonomy":"category","embeddable":true,"href":"https:\/\/www.cronacaonline.it\/index.php\/wp-json\/wp\/v2\/categories?post=74037"},{"taxonomy":"post_tag","embeddable":true,"href":"https:\/\/www.cronacaonline.it\/index.php\/wp-json\/wp\/v2\/tags?post=74037"}],"curies":[{"name":"wp","href":"https:\/\/api.w.org\/{rel}","templated":true}]}}