{"id":74014,"date":"2012-04-11T00:00:00","date_gmt":"2012-04-10T22:00:00","guid":{"rendered":"http:\/\/www.cronacaonline.it\/public\/content\/index.php\/2012\/04\/11\/continuita-territoriale-cappellacci-difendiamo-diritto-alla-mobilita-da-chi-vuole-conservare-rendite-di-posizione-consolidate\/"},"modified":"2012-04-11T00:00:00","modified_gmt":"2012-04-10T22:00:00","slug":"continuita-territoriale-cappellacci-difendiamo-diritto-alla-mobilita-da-chi-vuole-conservare-rendite-di-posizione-consolidate","status":"publish","type":"post","link":"https:\/\/www.cronacaonline.it\/index.php\/2012\/04\/11\/continuita-territoriale-cappellacci-difendiamo-diritto-alla-mobilita-da-chi-vuole-conservare-rendite-di-posizione-consolidate\/","title":{"rendered":"Continuit\u00e0 territoriale, Cappellacci: difendiamo diritto alla mobilit\u00e0 da chi vuole conservare rendite di posizione consolidate"},"content":{"rendered":"<p>\u201cNessuno pensi di giocare sulla pelle dei Sardi e di ridurrei nostri diritti a benevola concessione\u201d. Cos\u00ec il presidente della regione, UgoCappellacci, interviene sulle dichiarazioni e sulle prese di posizione sullacontinuit\u00e0 territoriale aerea. \u201cQuando abbiamo deciso di affrontare una voltaper tutte la questione continuit\u00e0 territoriale, che per decenni ha strozzato lepossibilit\u00e0 di sviluppo della nostra Isola, lo abbiamo fatto con laconsapevolezza che ci saremmo scontrati con forti resistenze al cambiamento daparte delle lobby e di chi dimostra di voler perpetuare antiche rendite diposizione economiche e politiche. <\/p>\n<p>E\u2019 stato cos\u00ec nella battaglia per la continuit\u00e0 marittima ed\u00e8 cos\u00ec, purtroppo, anche per quella aerea. Noi andremo avanti con determinazionefino al raggiungimento dell\u2019obiettivo di assicurare il diritto alla mobilit\u00e0dei Sardi, collegamenti efficienti e standard qualitativi elevati, nel pienorispetto del quadro normativo comunitario. Spiace osservare la cinicaspeculazione di chi, forse pi\u00f9 attento agli effetti mediatici e alsensazionalismo che ai risultati concreti, gioca allo sfascio e si rendestrumento, pi\u00f9 o meno consapevole, di chi vuole mantenere lo status quo a dannodei cittadini sardi\u201d<\/p>\n","protected":false},"excerpt":{"rendered":"<p>\u201cNessuno pensi di giocare sulla pelle dei Sardi e di ridurrei nostri diritti a benevola concessione\u201d. Cos\u00ec il presidente della regione, UgoCappellacci, interviene sulle dichiarazioni&#8230;<\/p>\n","protected":false},"author":2,"featured_media":0,"comment_status":"closed","ping_status":"closed","sticky":false,"template":"","format":"standard","meta":[],"categories":[49],"tags":[],"_links":{"self":[{"href":"https:\/\/www.cronacaonline.it\/index.php\/wp-json\/wp\/v2\/posts\/74014"}],"collection":[{"href":"https:\/\/www.cronacaonline.it\/index.php\/wp-json\/wp\/v2\/posts"}],"about":[{"href":"https:\/\/www.cronacaonline.it\/index.php\/wp-json\/wp\/v2\/types\/post"}],"author":[{"embeddable":true,"href":"https:\/\/www.cronacaonline.it\/index.php\/wp-json\/wp\/v2\/users\/2"}],"replies":[{"embeddable":true,"href":"https:\/\/www.cronacaonline.it\/index.php\/wp-json\/wp\/v2\/comments?post=74014"}],"version-history":[{"count":0,"href":"https:\/\/www.cronacaonline.it\/index.php\/wp-json\/wp\/v2\/posts\/74014\/revisions"}],"wp:attachment":[{"href":"https:\/\/www.cronacaonline.it\/index.php\/wp-json\/wp\/v2\/media?parent=74014"}],"wp:term":[{"taxonomy":"category","embeddable":true,"href":"https:\/\/www.cronacaonline.it\/index.php\/wp-json\/wp\/v2\/categories?post=74014"},{"taxonomy":"post_tag","embeddable":true,"href":"https:\/\/www.cronacaonline.it\/index.php\/wp-json\/wp\/v2\/tags?post=74014"}],"curies":[{"name":"wp","href":"https:\/\/api.w.org\/{rel}","templated":true}]}}