{"id":74000,"date":"2012-04-18T00:00:00","date_gmt":"2012-04-17T22:00:00","guid":{"rendered":"http:\/\/www.cronacaonline.it\/public\/content\/index.php\/2012\/04\/18\/domani-a-sennori-seminario-di-studio-sul-servizio-educativo-territoriale-e-lassistenza-ai-minori-in-difficolta\/"},"modified":"2012-04-18T00:00:00","modified_gmt":"2012-04-17T22:00:00","slug":"domani-a-sennori-seminario-di-studio-sul-servizio-educativo-territoriale-e-lassistenza-ai-minori-in-difficolta","status":"publish","type":"post","link":"https:\/\/www.cronacaonline.it\/index.php\/2012\/04\/18\/domani-a-sennori-seminario-di-studio-sul-servizio-educativo-territoriale-e-lassistenza-ai-minori-in-difficolta\/","title":{"rendered":"Domani a Sennori seminario di studio sul Servizio educativo territoriale  e l\u2019assistenza ai minori in difficolt\u00e0."},"content":{"rendered":"<p>Venerd\u00ec 20 aprile 2012, dalle ore 15 e 30, nei locali delCentro culturale comunale \u201cCarrela longa\u201d, in via Farina a Sennori, si terr\u00e0 ilSeminario di studio \u201cIl Servizio Educativo Territoriale nell\u2019ottica di rete:Sinergie operative nel sistema\u201d. Il simposio, organizzato dal Comune di Sennori(Assessorato ai Servizi sociali), Airone Cooperativa sociale di Assistenzaonlus di Porto Torres, Legacoop Sassari-Olbia Tempio, e Sardegna Ambiente,prevede la partecipazione di professionisti, docenti ed esperti del settoreeducativo e sociale, e si prefigge di analizzare il Servizi EducativoTerritoriale (SET)cercando di stabilire appunto delle sinergie operative fra levarie realt\u00e0 che operano nel territorio, in modo da creare una vera e propriarete di sistema. Terminata la registrazione dei partecipanti, l\u2019apertura deilavori sar\u00e0 affidata a Antonello Sanna, presidente della Cooperativa Airone. <\/p>\n<p>Seguiranno i saluti delle autorit\u00e0, rappresentate dalsindaco di Sennori, Roberto Desini, l\u2019assessore comunale ai Servizi sociali ePubblica istruzione del Comune di Sennori, Gianfranco Piga, il presidente diLegacoop Nord Sardegna, Benedetto Sechi. A seguire ci saranno gli interventidi: Gianni Sotgiu, docente di Tecniche della comunicazione e relazione eCoordinatore dei Servizi educativi della Cooperativa Airone, che parler\u00e0 de \u201cL\u2019importanzadel Servizio Educativo Territoriale tra domiciliarit\u00e0, lavoro di rete erelazione con l\u2019utenza\u201d; Gianfranco Nuvoli, docente di Psicologia dellosviluppo presso la Facolt\u00e0 di Lettere e Filosofia dell\u2019Universit\u00e0 di Sassari,che parler\u00e0 de \u201cPercorsi di mutamento tra fanciullezza e adolescenza: criticit\u00e0e fragilit\u00e0 nella contemporaneit\u00e0\u201d; Marcello Tellini, giudice onorario alTribunale dei minorenni di Sassari, e responsabile dei Servizi sociali delComune di Porto Torres, che terr\u00e0 una relazione su \u201cDisagio e delinquenzaminorile: l\u2019ingresso del minore nel circuito penale\u201d; Filippo Dettori, giudiceonorario al Tribunale dei minorenni di Sassari e docente di Pedagogia specialeall\u2019Universit\u00e0 di Sassari, che affronter\u00e0 il tema \u201cIl percorso di riparazione delminore: l\u2019istituto della messa in prova e l\u2019importanza del ruolo educativo\u201d. <\/p>\n<p>Al termine degli interventi degli studiosi \u00e8 previstol\u2019apporto di esperienze dirette di vita educativa, raccontate dagli educatoriprofessionali. Le conclusioni saranno affidate al moderatore dell\u2019incontro,Gianni Sotgiu. Su richiesta sar\u00e0 rilasciato un attestato di partecipazione. Com<\/p>\n","protected":false},"excerpt":{"rendered":"<p>Venerd\u00ec 20 aprile 2012, dalle ore 15 e 30, nei locali delCentro culturale comunale \u201cCarrela longa\u201d, in via Farina a Sennori, si terr\u00e0 ilSeminario di&#8230;<\/p>\n","protected":false},"author":2,"featured_media":0,"comment_status":"closed","ping_status":"closed","sticky":false,"template":"","format":"standard","meta":[],"categories":[49],"tags":[],"_links":{"self":[{"href":"https:\/\/www.cronacaonline.it\/index.php\/wp-json\/wp\/v2\/posts\/74000"}],"collection":[{"href":"https:\/\/www.cronacaonline.it\/index.php\/wp-json\/wp\/v2\/posts"}],"about":[{"href":"https:\/\/www.cronacaonline.it\/index.php\/wp-json\/wp\/v2\/types\/post"}],"author":[{"embeddable":true,"href":"https:\/\/www.cronacaonline.it\/index.php\/wp-json\/wp\/v2\/users\/2"}],"replies":[{"embeddable":true,"href":"https:\/\/www.cronacaonline.it\/index.php\/wp-json\/wp\/v2\/comments?post=74000"}],"version-history":[{"count":0,"href":"https:\/\/www.cronacaonline.it\/index.php\/wp-json\/wp\/v2\/posts\/74000\/revisions"}],"wp:attachment":[{"href":"https:\/\/www.cronacaonline.it\/index.php\/wp-json\/wp\/v2\/media?parent=74000"}],"wp:term":[{"taxonomy":"category","embeddable":true,"href":"https:\/\/www.cronacaonline.it\/index.php\/wp-json\/wp\/v2\/categories?post=74000"},{"taxonomy":"post_tag","embeddable":true,"href":"https:\/\/www.cronacaonline.it\/index.php\/wp-json\/wp\/v2\/tags?post=74000"}],"curies":[{"name":"wp","href":"https:\/\/api.w.org\/{rel}","templated":true}]}}