{"id":73993,"date":"2012-04-27T00:00:00","date_gmt":"2012-04-26T22:00:00","guid":{"rendered":"http:\/\/www.cronacaonline.it\/public\/content\/index.php\/2012\/04\/27\/giornate-olbiesi-di-rianimazione-alta-formazione-allospedale-di-olbiaallinterno-un-simposio-satellite-riservato-agli-infermieri\/"},"modified":"2012-04-27T00:00:00","modified_gmt":"2012-04-26T22:00:00","slug":"giornate-olbiesi-di-rianimazione-alta-formazione-allospedale-di-olbiaallinterno-un-simposio-satellite-riservato-agli-infermieri","status":"publish","type":"post","link":"https:\/\/www.cronacaonline.it\/index.php\/2012\/04\/27\/giornate-olbiesi-di-rianimazione-alta-formazione-allospedale-di-olbiaallinterno-un-simposio-satellite-riservato-agli-infermieri\/","title":{"rendered":"Giornate olbiesi di rianimazione: alta formazione all\u2019ospedale di OlbiaAll\u2019interno un simposio satellite riservato agli infermieri"},"content":{"rendered":"<p>Le giornate olbiesi di Rianimazione e Terapia intensiva arrivano alla lorodecima edizionee lo fanno puntando sull'alta formazione<\/p>\n<p><span Roman?,?serif?;&#39;=\"\" New=\"\" ?Times=\"\">Sepsi,emergenza, Aids eepidemia: questi i temi che verranno trattati a Olbia il 2 e3 maggio, nellasala formazione dell'ospedale Giovanni Paolo II, nel \"Xgiornate olbiesi dirianimazione e terapia intensiva (2002 - 2012)\", organizzatodalla Asl diOlbia.<\/span><\/p>\n<p><span Roman?,?serif?;&#39;=\"\" New=\"\" ?Times=\"\">\"E' dadieci anni che inquesto periodo si riuniscono ad Olbia gli specialisti e gliinfermieri cheoperano nelle Rianimazioni e le Terapie intensive dellaSardegna; l'evento \u00e8diventato un appuntamento fisso nel corso del qualevengono affrontati di voltain volta temi specifici sia per i medici che pergli infermieri\", spiegaFranco Pala, direttore del reparto di Rianimazione eTerapia intensivadell'ospedale olbiese, organizzatore dell'evento.<\/span><\/p>\n<p><span Roman?,?serif?;&#39;=\"\" New=\"\" ?Times=\"\">Nellagiornata del 2 maggio,con inizio dei lavori alle 09.00, verr\u00e0 trattato il temadelle sepsi ed infezioni,sia quelle chirurgiche che mediche: tratterannol'argomento Gaetano Iapichino,dell'universit\u00e0 di Milano, e i maggiori esperti nazionali inmicrobiologia,Giovanni Gesu e Fredy Suter. \"Il prof. Suter, che si \u00e8occupato molto di AIDS,porter\u00e0 a Olbia la sua esperienza: i pazienti affetti dasieropositivit\u00e0, acausa della loro suscettibilit\u00e0 alle infezioni, sono spessoospiti dellerianimazioni\".<\/span><\/p>\n<p><span Roman?,?serif?;&#39;=\"\" New=\"\" ?Times=\"\">La seconda giornata, quelladel 3 maggio, \u00e8 invece incentrata su temi di bioetica e giurisprudenza; tra ipartecipanti Andrea Nicolussi, professore di Diritto Civile all'Universit\u00e0Cattolica di Milano.<\/span><\/p>\n<p><span Roman?,?serif?;&#39;=\"\" New=\"\" ?Times=\"\">Vista l'importante ruolodell'infermiere professionale nella gestione dei pazienti ricoverati nel repartodi Rianimazione nella giornata del 2 maggio \u00e8 stato organizzato un simposiosatellite \"per formare il personale infermieristico sul posizionamento esulla gestione dei cateteri venosi centrali ad accesso periferico (PICC)\",spiega Anania Brotzu, caposala del reparto di Rianimazione di Olbia. Tra idocenti Giancarlo Scoppettuolo del Policlinico Gemelli. Com<\/span><\/p>\n","protected":false},"excerpt":{"rendered":"<p>Le giornate olbiesi di Rianimazione e Terapia intensiva arrivano alla lorodecima edizionee lo fanno puntando sull&#8217;alta formazione Sepsi,emergenza, Aids eepidemia: questi i temi che verranno&#8230;<\/p>\n","protected":false},"author":2,"featured_media":0,"comment_status":"closed","ping_status":"closed","sticky":false,"template":"","format":"standard","meta":[],"categories":[49],"tags":[],"_links":{"self":[{"href":"https:\/\/www.cronacaonline.it\/index.php\/wp-json\/wp\/v2\/posts\/73993"}],"collection":[{"href":"https:\/\/www.cronacaonline.it\/index.php\/wp-json\/wp\/v2\/posts"}],"about":[{"href":"https:\/\/www.cronacaonline.it\/index.php\/wp-json\/wp\/v2\/types\/post"}],"author":[{"embeddable":true,"href":"https:\/\/www.cronacaonline.it\/index.php\/wp-json\/wp\/v2\/users\/2"}],"replies":[{"embeddable":true,"href":"https:\/\/www.cronacaonline.it\/index.php\/wp-json\/wp\/v2\/comments?post=73993"}],"version-history":[{"count":0,"href":"https:\/\/www.cronacaonline.it\/index.php\/wp-json\/wp\/v2\/posts\/73993\/revisions"}],"wp:attachment":[{"href":"https:\/\/www.cronacaonline.it\/index.php\/wp-json\/wp\/v2\/media?parent=73993"}],"wp:term":[{"taxonomy":"category","embeddable":true,"href":"https:\/\/www.cronacaonline.it\/index.php\/wp-json\/wp\/v2\/categories?post=73993"},{"taxonomy":"post_tag","embeddable":true,"href":"https:\/\/www.cronacaonline.it\/index.php\/wp-json\/wp\/v2\/tags?post=73993"}],"curies":[{"name":"wp","href":"https:\/\/api.w.org\/{rel}","templated":true}]}}