{"id":73969,"date":"2012-04-17T00:00:00","date_gmt":"2012-04-16T22:00:00","guid":{"rendered":"http:\/\/www.cronacaonline.it\/public\/content\/index.php\/2012\/04\/17\/il-presidente-cappellacci-presenta-alla-commissione-enve-del-comitato-delle-regioni-il-progetto-di-parere-sulla-road-map-per-lenergia-al-2050\/"},"modified":"2012-04-17T00:00:00","modified_gmt":"2012-04-16T22:00:00","slug":"il-presidente-cappellacci-presenta-alla-commissione-enve-del-comitato-delle-regioni-il-progetto-di-parere-sulla-road-map-per-lenergia-al-2050","status":"publish","type":"post","link":"https:\/\/www.cronacaonline.it\/index.php\/2012\/04\/17\/il-presidente-cappellacci-presenta-alla-commissione-enve-del-comitato-delle-regioni-il-progetto-di-parere-sulla-road-map-per-lenergia-al-2050\/","title":{"rendered":"Il Presidente Cappellacci presenta alla Commissione ENVE del Comitato delle Regioni il progetto di parere sulla &#8220;road map per l&#8217;energia al 2050&#8221;"},"content":{"rendered":"<p>Si apre stamani a Bruxelles la tredicesima riunione dellaCommissione Ambiente, Cambiamenti climatici ed energia (ENVE) del Comitatodelle Regioni cui partecipa il Presidente della Regione, Ugo Cappellacci, inqualit\u00e0 di vice-Presidente. Nel corso dell'incontro il Presidente illustrer\u00e0alla Commissione il documento di avvio della discussione su un importanteparere che il Comitato delle Regioni dovr\u00e0 adottare entro il&nbsp;prossimo mesedi ottobre. Il parere, di grande rilevanza per le prospettive future degliscenari energetici europei, riguarda la tabella di marcia (road map) perl'energia 2050 di cui alla -comunicazione della Commissione europea del15.12.2011. <\/p>\n<p>La prima adozione del progetto di parere predisposto dalPresidente Cappellacci \u00e8 prevista per la prossima seduta della Commissione ENVEdel 28 giugno 2012, mentre l'adozione finale del parere \u00e8 prevista nellasessione plenaria del Comitato delle Regioni del 9 e 10 ottobre 2012. Alladiscussione odierna parteciperanno anche le strutture della DG Energia dellaCommissione europea che ha elaborato la comunicazione sulla road map 2050. LaCommissione ENVE nella seduta di&nbsp;oggi discuter\u00e0 i pareri riguardanti: iltema delle infrastrutture energetiche - Relatore Heinz Lehmann (DE\/PPE); iltema del programma per l'ambiente e l'azione per il clima - Relatrice KayTwitchen (UK\/NI); il tema del monitoraggio delle emissioni di gas a effettoserra - Relatore Neil Swannick (UK\/PSE); il tema dell'efficienza energeticanelle citt\u00e0 e nei distretti rurali - Relatore Brian Meaney (IE\/AE); il temadegli approcci regionali specifici ai cambiamenti climatici - Relatore LucianoCaveri (IT\/ALDE). Com<\/p>\n","protected":false},"excerpt":{"rendered":"<p>Si apre stamani a Bruxelles la tredicesima riunione dellaCommissione Ambiente, Cambiamenti climatici ed energia (ENVE) del Comitatodelle Regioni cui partecipa il Presidente della Regione, Ugo&#8230;<\/p>\n","protected":false},"author":2,"featured_media":0,"comment_status":"closed","ping_status":"closed","sticky":false,"template":"","format":"standard","meta":[],"categories":[49],"tags":[],"_links":{"self":[{"href":"https:\/\/www.cronacaonline.it\/index.php\/wp-json\/wp\/v2\/posts\/73969"}],"collection":[{"href":"https:\/\/www.cronacaonline.it\/index.php\/wp-json\/wp\/v2\/posts"}],"about":[{"href":"https:\/\/www.cronacaonline.it\/index.php\/wp-json\/wp\/v2\/types\/post"}],"author":[{"embeddable":true,"href":"https:\/\/www.cronacaonline.it\/index.php\/wp-json\/wp\/v2\/users\/2"}],"replies":[{"embeddable":true,"href":"https:\/\/www.cronacaonline.it\/index.php\/wp-json\/wp\/v2\/comments?post=73969"}],"version-history":[{"count":0,"href":"https:\/\/www.cronacaonline.it\/index.php\/wp-json\/wp\/v2\/posts\/73969\/revisions"}],"wp:attachment":[{"href":"https:\/\/www.cronacaonline.it\/index.php\/wp-json\/wp\/v2\/media?parent=73969"}],"wp:term":[{"taxonomy":"category","embeddable":true,"href":"https:\/\/www.cronacaonline.it\/index.php\/wp-json\/wp\/v2\/categories?post=73969"},{"taxonomy":"post_tag","embeddable":true,"href":"https:\/\/www.cronacaonline.it\/index.php\/wp-json\/wp\/v2\/tags?post=73969"}],"curies":[{"name":"wp","href":"https:\/\/api.w.org\/{rel}","templated":true}]}}