{"id":73958,"date":"2012-04-18T00:00:00","date_gmt":"2012-04-17T22:00:00","guid":{"rendered":"http:\/\/www.cronacaonline.it\/public\/content\/index.php\/2012\/04\/18\/domani-alle-10-si-riunisce-il-consiglio-regionale\/"},"modified":"2012-04-18T00:00:00","modified_gmt":"2012-04-17T22:00:00","slug":"domani-alle-10-si-riunisce-il-consiglio-regionale","status":"publish","type":"post","link":"https:\/\/www.cronacaonline.it\/index.php\/2012\/04\/18\/domani-alle-10-si-riunisce-il-consiglio-regionale\/","title":{"rendered":"Domani alle 10 si riunisce il Consiglio regionale."},"content":{"rendered":"<p>Il Consiglio regionale&nbsp;\u00e8 convocato per&nbsp;domani gioved\u00ec19 aprile 2012,&nbsp;&nbsp;alle ore 10.00.<\/p>\n<p>All<span style='mso-bidi-font-family: \"Times New Roman\";'>\u2019<\/span>ordinedel giorno: il Testo Unificato <span style='mso-bidi-font-family: \"Times New Roman\";'>&#8220;<\/span>Modificatabella E finanziaria 2012<span style='mso-bidi-font-family: \"Times New Roman\";'>&#8221;<\/span>,il Testo Unificato&nbsp;&nbsp;<span style='mso-bidi-font-family: \"Times New Roman\";'>&#8220;<\/span>Normein materia di province e modifiche alla legge regionale 22 febbraio 2012, n. 4(Norme in materia di enti locali e sulla dispersione ed affidamento delleceneri funerarie).<\/p>\n<p>L<span style='mso-bidi-font-family: \"Times New Roman\";'>\u2019<\/span>Assembleaesaminer\u00e0 anche&nbsp;&nbsp;la mozione n. 177 (Giampaolo Diana e pi\u00f9) sulla garad'appalto per l'affidamento delle rotte aeree per la continuit\u00e0 territorialedella Sardegna e la mozione n. 169 (STERI e pi\u00f9) sulla procedura di riordinofondiario elaborata dal Consorzio di bonifica della Sardegna meridionale.&nbsp;<\/p>\n","protected":false},"excerpt":{"rendered":"<p>Il Consiglio regionale&nbsp;\u00e8 convocato per&nbsp;domani gioved\u00ec19 aprile 2012,&nbsp;&nbsp;alle ore 10.00. All\u2019ordinedel giorno: il Testo Unificato &#8220;Modificatabella E finanziaria 2012&#8221;,il Testo Unificato&nbsp;&nbsp;&#8220;Normein materia di province e&#8230;<\/p>\n","protected":false},"author":2,"featured_media":0,"comment_status":"closed","ping_status":"closed","sticky":false,"template":"","format":"standard","meta":[],"categories":[49],"tags":[],"_links":{"self":[{"href":"https:\/\/www.cronacaonline.it\/index.php\/wp-json\/wp\/v2\/posts\/73958"}],"collection":[{"href":"https:\/\/www.cronacaonline.it\/index.php\/wp-json\/wp\/v2\/posts"}],"about":[{"href":"https:\/\/www.cronacaonline.it\/index.php\/wp-json\/wp\/v2\/types\/post"}],"author":[{"embeddable":true,"href":"https:\/\/www.cronacaonline.it\/index.php\/wp-json\/wp\/v2\/users\/2"}],"replies":[{"embeddable":true,"href":"https:\/\/www.cronacaonline.it\/index.php\/wp-json\/wp\/v2\/comments?post=73958"}],"version-history":[{"count":0,"href":"https:\/\/www.cronacaonline.it\/index.php\/wp-json\/wp\/v2\/posts\/73958\/revisions"}],"wp:attachment":[{"href":"https:\/\/www.cronacaonline.it\/index.php\/wp-json\/wp\/v2\/media?parent=73958"}],"wp:term":[{"taxonomy":"category","embeddable":true,"href":"https:\/\/www.cronacaonline.it\/index.php\/wp-json\/wp\/v2\/categories?post=73958"},{"taxonomy":"post_tag","embeddable":true,"href":"https:\/\/www.cronacaonline.it\/index.php\/wp-json\/wp\/v2\/tags?post=73958"}],"curies":[{"name":"wp","href":"https:\/\/api.w.org\/{rel}","templated":true}]}}