{"id":73935,"date":"2012-03-15T00:00:00","date_gmt":"2012-03-14T23:00:00","guid":{"rendered":"http:\/\/www.cronacaonline.it\/public\/content\/index.php\/2012\/03\/15\/stazioni-agrarie-di-fenosu-e-zeddiani-apprezzamento-per-investimenti-universita-di-sassari\/"},"modified":"2012-03-15T00:00:00","modified_gmt":"2012-03-14T23:00:00","slug":"stazioni-agrarie-di-fenosu-e-zeddiani-apprezzamento-per-investimenti-universita-di-sassari","status":"publish","type":"post","link":"https:\/\/www.cronacaonline.it\/index.php\/2012\/03\/15\/stazioni-agrarie-di-fenosu-e-zeddiani-apprezzamento-per-investimenti-universita-di-sassari\/","title":{"rendered":"Stazioni agrarie di Fenosu e Zeddiani, apprezzamento per investimenti Universit\u00e0 di Sassari"},"content":{"rendered":"<p><SPAN style=\"mso-bidi-language: #00FF\">\u201cForte apprezzamento\u201d \u00e8 espresso dal capogruppo del Popolo della Libert\u00e0 in Consiglio regionale, Mario Diana, per la decisione del Magnifico Rettore dell\u2019Universit\u00e0 degli Studi di Sassari, Attilio Mastino, di rilanciare l\u2019attivit\u00e0 di ricerca nelle stazioni didattico-sperimentali della Facolt\u00e0 di Agraria di San Quirico, a Oristano, e di Santa Lucia, a Zeddiani.<\/SPAN><\/p>\n<p><SPAN style=\"mso-bidi-language: #00FF\">\u201cLe due stazioni didattico-sperimentali costituiscono un bene di enorme importanza per il territorio\u201d, sottolinea Diana. \u201cSi tratta di due ampie aree verdi in cui sono coltivate specie selezionate per tutelare il patrimonio genetico e la biodiversit\u00e0 della flora isolana. Nel corso degli anni, le due stazioni sono andate incontro ad un progressivo degrado dovuto alla mancanza di investimenti. Il ritrovato interesse dell\u2019Universit\u00e0 di Sassari, unito alla disponibilit\u00e0 dei fondi Fas necessari per finanziare gli interventi programmati, consentir\u00e0 di salvare un patrimonio che rischiava di andare irrimediabilmente perduto\u201d.<\/SPAN><\/p>\n<p><SPAN style=\"mso-bidi-language: #00FF\">\u201cL\u2019auspicio per il futuro\u201d, conclude il capogruppo, \u201c\u00e8 che l\u2019impegno a preservare e a sviluppare le stazioni didattico-sperimentali sia mantenuto nel tempo, di concerto con le Istituzioni del territorio, vale a dire la Provincia ed il Comune di Oristano, che hanno tutto l\u2019interesse a contribuire alla salvaguardia e alla valorizzazione dei due compendi\u201d.<\/SPAN><\/p>\n","protected":false},"excerpt":{"rendered":"<p>\u201cForte apprezzamento\u201d \u00e8 espresso dal capogruppo del Popolo della Libert\u00e0 in Consiglio regionale, Mario Diana, per la decisione del Magnifico Rettore dell\u2019Universit\u00e0 degli Studi di&#8230;<\/p>\n","protected":false},"author":2,"featured_media":0,"comment_status":"closed","ping_status":"closed","sticky":false,"template":"","format":"standard","meta":[],"categories":[49],"tags":[],"_links":{"self":[{"href":"https:\/\/www.cronacaonline.it\/index.php\/wp-json\/wp\/v2\/posts\/73935"}],"collection":[{"href":"https:\/\/www.cronacaonline.it\/index.php\/wp-json\/wp\/v2\/posts"}],"about":[{"href":"https:\/\/www.cronacaonline.it\/index.php\/wp-json\/wp\/v2\/types\/post"}],"author":[{"embeddable":true,"href":"https:\/\/www.cronacaonline.it\/index.php\/wp-json\/wp\/v2\/users\/2"}],"replies":[{"embeddable":true,"href":"https:\/\/www.cronacaonline.it\/index.php\/wp-json\/wp\/v2\/comments?post=73935"}],"version-history":[{"count":0,"href":"https:\/\/www.cronacaonline.it\/index.php\/wp-json\/wp\/v2\/posts\/73935\/revisions"}],"wp:attachment":[{"href":"https:\/\/www.cronacaonline.it\/index.php\/wp-json\/wp\/v2\/media?parent=73935"}],"wp:term":[{"taxonomy":"category","embeddable":true,"href":"https:\/\/www.cronacaonline.it\/index.php\/wp-json\/wp\/v2\/categories?post=73935"},{"taxonomy":"post_tag","embeddable":true,"href":"https:\/\/www.cronacaonline.it\/index.php\/wp-json\/wp\/v2\/tags?post=73935"}],"curies":[{"name":"wp","href":"https:\/\/api.w.org\/{rel}","templated":true}]}}