{"id":73931,"date":"2012-03-12T00:00:00","date_gmt":"2012-03-11T23:00:00","guid":{"rendered":"http:\/\/www.cronacaonline.it\/public\/content\/index.php\/2012\/03\/12\/da-sciola-a-rosanna-rossi-quando-larte-e-green-in-mostra-a-palazzo-vice-regio-arteco\/"},"modified":"2012-03-12T00:00:00","modified_gmt":"2012-03-11T23:00:00","slug":"da-sciola-a-rosanna-rossi-quando-larte-e-green-in-mostra-a-palazzo-vice-regio-arteco","status":"publish","type":"post","link":"https:\/\/www.cronacaonline.it\/index.php\/2012\/03\/12\/da-sciola-a-rosanna-rossi-quando-larte-e-green-in-mostra-a-palazzo-vice-regio-arteco\/","title":{"rendered":"Da Sciola a Rosanna Rossi, quando l&#8217;arte \u00e9 green In mostra a Palazzo Vice Regio &#8216;Art&#038;Eco&#8217;"},"content":{"rendered":"<p><EM><SPAN style=\"FONT-STYLE: normal; FONT-FAMILY: 'Verdana','sans-serif'; mso-bidi-font-family: Mangal; mso-bidi-font-style: italic\">Arte, ecologia ed economia sostenibile. Dopo la felice esperienza di Buggerru arriva a Cagliari 'Art&amp;Ec\u00f2'. Saranno le prestigiose sale di Palazzo Vice Regio, in piazza Palazzo, a ospitare dal 15 al 31 marzo la mostra di installazioni e sculture realizzate con materiali di riciclo da tredici artisti.<\/SPAN><\/EM><\/p>\n<p><EM><SPAN style=\"FONT-STYLE: normal; FONT-FAMILY: 'Verdana','sans-serif'; mso-bidi-font-family: Mangal; mso-bidi-font-style: italic\">L'esposizione collettiva cagliaritana si presenta arricchita di nuovi contributi. Firmano il ' riciclo d'autore' alcuni tra i pi\u00f9 illustri nomi dello scenario artistico contemporaneo: Pinuccio Sciola, Rosanna Rossi, Antonello Ottonello, Rosanna D\u2019Alessandro. Poi ancora Alberto Soi, Anna Maria Pillosu, Matteo Ambu, Alessandro Biggio, Mariano Chelo, Antonello Dess\u00ec, Lalla Lussu, Alessia Mameli, Mauro Piredda.<\/SPAN><\/EM><\/p>\n<p><EM><SPAN style=\"FONT-STYLE: normal; FONT-FAMILY: 'Verdana','sans-serif'; mso-bidi-font-family: Mangal; mso-bidi-font-style: italic\">\u201cTutto all'insegna della green philosophy, con un imperativo: 'vietato sprecare', al bando la parola 'scarto' \u2013 sottolineano Valentina Neri, Valeria Grande e Nazzarena Marongiu, giovani appassionate e studiose di arte e responsabili dell'associazione 'Mescolarte' che ha curato l'allestimento - dagli oggetti alla memoria storica e culturale fino alle eccedenze dei prodotti, c'\u00e8 tutto un potenziale da non disperdere, perch\u00e9 \u00e8 necessario\u201d.<\/SPAN><\/EM><\/p>\n<p><EM><SPAN style=\"FONT-STYLE: normal; FONT-FAMILY: 'Verdana','sans-serif'; mso-bidi-font-family: Mangal; mso-bidi-font-style: italic\">L'inaugurazione \u00e9 prevista gioved\u00ec alle 17,30. L'iniziativa gode del patrocinio della Provincia di Cagliari. All'inaugurazione saranno presenti gli artisti, le responsabili di 'Mescolarte'. Com<\/SPAN><\/EM><\/p>\n","protected":false},"excerpt":{"rendered":"<p>Arte, ecologia ed economia sostenibile. Dopo la felice esperienza di Buggerru arriva a Cagliari &#8216;Art&amp;Ec\u00f2&#8217;. Saranno le prestigiose sale di Palazzo Vice Regio, in piazza&#8230;<\/p>\n","protected":false},"author":2,"featured_media":0,"comment_status":"closed","ping_status":"closed","sticky":false,"template":"","format":"standard","meta":[],"categories":[49],"tags":[],"_links":{"self":[{"href":"https:\/\/www.cronacaonline.it\/index.php\/wp-json\/wp\/v2\/posts\/73931"}],"collection":[{"href":"https:\/\/www.cronacaonline.it\/index.php\/wp-json\/wp\/v2\/posts"}],"about":[{"href":"https:\/\/www.cronacaonline.it\/index.php\/wp-json\/wp\/v2\/types\/post"}],"author":[{"embeddable":true,"href":"https:\/\/www.cronacaonline.it\/index.php\/wp-json\/wp\/v2\/users\/2"}],"replies":[{"embeddable":true,"href":"https:\/\/www.cronacaonline.it\/index.php\/wp-json\/wp\/v2\/comments?post=73931"}],"version-history":[{"count":0,"href":"https:\/\/www.cronacaonline.it\/index.php\/wp-json\/wp\/v2\/posts\/73931\/revisions"}],"wp:attachment":[{"href":"https:\/\/www.cronacaonline.it\/index.php\/wp-json\/wp\/v2\/media?parent=73931"}],"wp:term":[{"taxonomy":"category","embeddable":true,"href":"https:\/\/www.cronacaonline.it\/index.php\/wp-json\/wp\/v2\/categories?post=73931"},{"taxonomy":"post_tag","embeddable":true,"href":"https:\/\/www.cronacaonline.it\/index.php\/wp-json\/wp\/v2\/tags?post=73931"}],"curies":[{"name":"wp","href":"https:\/\/api.w.org\/{rel}","templated":true}]}}