{"id":73921,"date":"2012-03-08T00:00:00","date_gmt":"2012-03-07T23:00:00","guid":{"rendered":"http:\/\/www.cronacaonline.it\/public\/content\/index.php\/2012\/03\/08\/giorgio-locci-pdl-decidere-senza-nessun-tentennamento-per-lelection-day\/"},"modified":"2012-03-08T00:00:00","modified_gmt":"2012-03-07T23:00:00","slug":"giorgio-locci-pdl-decidere-senza-nessun-tentennamento-per-lelection-day","status":"publish","type":"post","link":"https:\/\/www.cronacaonline.it\/index.php\/2012\/03\/08\/giorgio-locci-pdl-decidere-senza-nessun-tentennamento-per-lelection-day\/","title":{"rendered":"Giorgio Locci (PdL): \u201cDecidere senza nessun tentennamento per l\u2019election day\u201d"},"content":{"rendered":"<p><SPAN style=\"FONT-FAMILY: 'Verdana','sans-serif'; mso-bidi-font-family: Arial\">\u00abBasterebbe pensare al grande risparmio per le casse regionali, per non avere remore o tentennamenti e decidere immediatamente per l\u2019election day\u00bb.<\/SPAN><\/p>\n<p><SPAN style=\"FONT-FAMILY: 'Verdana','sans-serif'; mso-bidi-font-family: Arial\">Lo ha dichiarato Giorgio Locci, consigliere regionale del PdL.<\/SPAN><\/p>\n<p><SPAN style=\"FONT-FAMILY: 'Verdana','sans-serif'\">\u00abIn un momento di grave crisi economica e di un bilancio regionale appena approvato, asciutto e vincolato dal patto di stabilit\u00e0 \u2013 prosegue Locci \u2013 ancora qualcuno pensa di fare tattica politica senza motivarne un effettivo tornaconto, e impedire la chiamata alle urne dei sardi gli stessi giorni in cui si rinnovano oltre 90 amministrazioni comunali, cos\u00ec da far risparmiare alle casse regionali risorse che possono essere impegnate in altri programmi\u00bb.<\/SPAN><\/p>\n<p><SPAN style=\"FONT-FAMILY: 'Verdana','sans-serif'\">\u00abLa scelta della data unica di voto, al di la del sostegno o meno ai dieci referendum \u2013 conclude Locci \u2013 richiama tutti noi alla responsabilit\u00e0 e alla buona amministrazione del denaro pubblico in un momento in cui, proprio la politica \u00e8 chiamata a recuperare credibilit\u00e0 e consenso fra la gente. Un risparmio, seppure minimo, \u00e8 da ritenersi come un \u201ctesoretto\u201d utile contro la crisi economica in atto\u00bb. Red<\/SPAN><\/p>\n<p><SPAN style=\"FONT-FAMILY: 'Verdana','sans-serif'\">&nbsp;<\/SPAN><\/p>\n","protected":false},"excerpt":{"rendered":"<p>\u00abBasterebbe pensare al grande risparmio per le casse regionali, per non avere remore o tentennamenti e decidere immediatamente per l\u2019election day\u00bb. Lo ha dichiarato Giorgio&#8230;<\/p>\n","protected":false},"author":2,"featured_media":0,"comment_status":"closed","ping_status":"closed","sticky":false,"template":"","format":"standard","meta":[],"categories":[49],"tags":[],"_links":{"self":[{"href":"https:\/\/www.cronacaonline.it\/index.php\/wp-json\/wp\/v2\/posts\/73921"}],"collection":[{"href":"https:\/\/www.cronacaonline.it\/index.php\/wp-json\/wp\/v2\/posts"}],"about":[{"href":"https:\/\/www.cronacaonline.it\/index.php\/wp-json\/wp\/v2\/types\/post"}],"author":[{"embeddable":true,"href":"https:\/\/www.cronacaonline.it\/index.php\/wp-json\/wp\/v2\/users\/2"}],"replies":[{"embeddable":true,"href":"https:\/\/www.cronacaonline.it\/index.php\/wp-json\/wp\/v2\/comments?post=73921"}],"version-history":[{"count":0,"href":"https:\/\/www.cronacaonline.it\/index.php\/wp-json\/wp\/v2\/posts\/73921\/revisions"}],"wp:attachment":[{"href":"https:\/\/www.cronacaonline.it\/index.php\/wp-json\/wp\/v2\/media?parent=73921"}],"wp:term":[{"taxonomy":"category","embeddable":true,"href":"https:\/\/www.cronacaonline.it\/index.php\/wp-json\/wp\/v2\/categories?post=73921"},{"taxonomy":"post_tag","embeddable":true,"href":"https:\/\/www.cronacaonline.it\/index.php\/wp-json\/wp\/v2\/tags?post=73921"}],"curies":[{"name":"wp","href":"https:\/\/api.w.org\/{rel}","templated":true}]}}