{"id":73913,"date":"2012-03-09T00:00:00","date_gmt":"2012-03-08T23:00:00","guid":{"rendered":"http:\/\/www.cronacaonline.it\/public\/content\/index.php\/2012\/03\/09\/per-lo-sciopero-generale-del-13-marzo-prossimo-a-cagliari-nelle-zone-interessate-divieto-di-transito-e-sosta\/"},"modified":"2012-03-09T00:00:00","modified_gmt":"2012-03-08T23:00:00","slug":"per-lo-sciopero-generale-del-13-marzo-prossimo-a-cagliari-nelle-zone-interessate-divieto-di-transito-e-sosta","status":"publish","type":"post","link":"https:\/\/www.cronacaonline.it\/index.php\/2012\/03\/09\/per-lo-sciopero-generale-del-13-marzo-prossimo-a-cagliari-nelle-zone-interessate-divieto-di-transito-e-sosta\/","title":{"rendered":"Per lo sciopero generale del 13 marzo prossimo a Cagliari nelle zone interessate divieto di transito e sosta."},"content":{"rendered":"<p><P style=\"MARGIN: 0cm 0cm 0pt\" class=MsoNormal><FONT face=Calibri>In occasione della manifestazione legata allo sciopero generale previsto per marted\u00ec 13 marzo p.v. sar\u00e0 impegnata la sede stradale e, pertanto, non sar\u00e0 possibile consentire il traffico e la sosta dei veicoli nel tratto interessato dalla stessa.<\/FONT><\/p>\n<p><FONT face=Calibri>Saranno, quindi, istituite le prescrizioni come di seguito specificato: Nella piazza Garibaldi, Via Sonnino, Via XX Settembre, Piazza Amendola, Via Roma (lato portici), Via Sassari e Piazza del Carmine, per il giorno 13.03.2012, nella fascia oraria dalle 9,00 alle 14,30: il divieto di transito nel tratto interessato durante lo svolgimento della manifestazione; il divieto di sosta con rimozione forzata, su ambo i lati, nella Piazza del Carmine dalle 22,00 del 12.03.2012 fino alle 18,00 del 13.03.2012, con esclusione dei veicoli autorizzati per il montaggio del palco e le attrezzature della manifestazione; il divieto di transito solo durante lo svolgimento dei comizi nei tratti laterali della Piazza del Carmine, fronte Poste e fronte Caide. <\/FONT><\/p>\n<p><FONT face=Calibri>Nella piazza Garibaldi, Via Bacaredda, Via Paoli e via Garibaldi dalla via XXIV maggio alla Piazza, per il giorno 13.03.2012, nella fascia oraria dalle 6,00 alle 10,30:il divieto di sosta con rimozione forzata, su ambo i lati, nel tratto interessato dalla manifestazione e, infine, il divieto di sosta con rimozione forzata, su ambo i lati, nel parcheggio di viale La Playa dalle 00,00 del 13.03.2012 fino alle 15,00 del 13.03.2012, con esclusione dei veicoli autorizzati e dei pullman dei manifestanti. Com<\/FONT><\/p>\n","protected":false},"excerpt":{"rendered":"<p>In occasione della manifestazione legata allo sciopero generale previsto per marted\u00ec 13 marzo p.v. sar\u00e0 impegnata la sede stradale e, pertanto, non sar\u00e0 possibile consentire&#8230;<\/p>\n","protected":false},"author":2,"featured_media":0,"comment_status":"closed","ping_status":"closed","sticky":false,"template":"","format":"standard","meta":[],"categories":[49],"tags":[],"_links":{"self":[{"href":"https:\/\/www.cronacaonline.it\/index.php\/wp-json\/wp\/v2\/posts\/73913"}],"collection":[{"href":"https:\/\/www.cronacaonline.it\/index.php\/wp-json\/wp\/v2\/posts"}],"about":[{"href":"https:\/\/www.cronacaonline.it\/index.php\/wp-json\/wp\/v2\/types\/post"}],"author":[{"embeddable":true,"href":"https:\/\/www.cronacaonline.it\/index.php\/wp-json\/wp\/v2\/users\/2"}],"replies":[{"embeddable":true,"href":"https:\/\/www.cronacaonline.it\/index.php\/wp-json\/wp\/v2\/comments?post=73913"}],"version-history":[{"count":0,"href":"https:\/\/www.cronacaonline.it\/index.php\/wp-json\/wp\/v2\/posts\/73913\/revisions"}],"wp:attachment":[{"href":"https:\/\/www.cronacaonline.it\/index.php\/wp-json\/wp\/v2\/media?parent=73913"}],"wp:term":[{"taxonomy":"category","embeddable":true,"href":"https:\/\/www.cronacaonline.it\/index.php\/wp-json\/wp\/v2\/categories?post=73913"},{"taxonomy":"post_tag","embeddable":true,"href":"https:\/\/www.cronacaonline.it\/index.php\/wp-json\/wp\/v2\/tags?post=73913"}],"curies":[{"name":"wp","href":"https:\/\/api.w.org\/{rel}","templated":true}]}}