{"id":73912,"date":"2012-03-07T00:00:00","date_gmt":"2012-03-06T23:00:00","guid":{"rendered":"http:\/\/www.cronacaonline.it\/public\/content\/index.php\/2012\/03\/07\/firmato-laccordo-per-la-detassazione-e-la-decontribuzione-anche-in-sardegna-piu-soldi-nelle-buste-paga-degli-addetti-delle-imprese-artigiane\/"},"modified":"2012-03-07T00:00:00","modified_gmt":"2012-03-06T23:00:00","slug":"firmato-laccordo-per-la-detassazione-e-la-decontribuzione-anche-in-sardegna-piu-soldi-nelle-buste-paga-degli-addetti-delle-imprese-artigiane","status":"publish","type":"post","link":"https:\/\/www.cronacaonline.it\/index.php\/2012\/03\/07\/firmato-laccordo-per-la-detassazione-e-la-decontribuzione-anche-in-sardegna-piu-soldi-nelle-buste-paga-degli-addetti-delle-imprese-artigiane\/","title":{"rendered":"Firmato l\u2019accordo per la detassazione e la decontribuzione \u2013 Anche in Sardegna pi\u00f9 soldi nelle buste paga degli addetti delle imprese artigiane."},"content":{"rendered":"<p><SPAN style=\"FONT-SIZE: 11.5pt\">Anche per gli addetti delle imprese artigiane della Sardegna, in arrivo pi\u00f9 soldi in busta paga. L\u2019obiettivo \u00e8 sviluppare la competitivit\u00e0 delle aziende nel mercato. <\/SPAN><\/p>\n<p><SPAN style=\"FONT-SIZE: 11.5pt\">E\u2019 quanto prevede l\u2019accordo, firmato anche nella nostra regione, dalle Associazioni Artigiane della Sardegna insieme alle sigle Sindacali.<\/SPAN><\/p>\n<p><SPAN style=\"FONT-SIZE: 11.5pt\">Con tale documento, verr\u00e0 consentita alle imprese l\u2019applicazione della tassazione agevolata e gli sgravi contributivi sulle somme erogate nel corso del 2012 ai lavoratori dipendenti; gli incentivi riguarderanno tutte le voci retributive riconducibili, tra gli altri, ad aumenti di produttivit\u00e0, qualit\u00e0 e redditivit\u00e0, innovazione ed efficienza organizzativa quali il lavoro straordinario, forfettario, supplementare, a termine, domenicale, festivo e notturno.<\/SPAN><\/p>\n<p><SPAN style=\"FONT-SIZE: 11.5pt\">La detassazione del salario di produttivit\u00e0 prevede anche per<SPAN style=\"mso-spacerun: yes\">&nbsp; <\/SPAN>il<SPAN style=\"mso-spacerun: yes\">&nbsp; <\/SPAN>2012<SPAN style=\"mso-spacerun: yes\">&nbsp; <\/SPAN>un\u2019imposta sostitutiva&nbsp;di Irpef e addizionali regionali e comunali<SPAN style=\"mso-spacerun: yes\">&nbsp; <\/SPAN>con un\u2019&nbsp;aliquota agevolata&nbsp;pari al 10% &nbsp; che le aziende possono applicare nel limite complessivo di 6mila euro&nbsp;e solo ai dipendenti che non superino un&nbsp;reddito&nbsp;di 40mila euro.<\/SPAN><\/p>\n<p><SPAN style=\"FONT-SIZE: 11.5pt\">Soddisfazione \u00e8 stata espressa dal Presidente di Confartigianato Imprese Sardegna, Luca Murgianu: \u201c<I style=\"mso-bidi-font-style: normal\">E\u2019 un premio per chi produce di pi\u00f9. Soprattutto \u00e8 una occasione che servir\u00e0 ad aumentare il reddito disponibile dei lavoratori e a ridurre gli oneri contributivi delle aziende<\/I>\u201d.<\/SPAN><\/p>\n<p><SPAN style=\"FONT-SIZE: 11.5pt\">La vigente normativa (Legge n. 111\/2011, art.26) prevede che le somme erogate ai lavoratori dipendenti del settore privato in attuazione di quanto previsto da accordi o contratti collettivi territoriali o aziendali e correlate a incrementi di produttivit\u00e0, qualit\u00e0, redditivit\u00e0, innovazione, efficienza organizzativa, collegate ai risultati riferiti all'andamento economico o agli utili della impresa, o a ogni altro elemento rilevante ai fini del miglioramento della competitivit\u00e0 aziendale, siano assoggettate ad una tassazione agevolata del reddito dei lavoratori e beneficino di uno sgravio dei contributi dovuti dal lavoratore e dal datore di lavoro. Com<\/SPAN><\/p>\n<p><SPAN style=\"FONT-SIZE: 11.5pt\">&nbsp;<\/SPAN><\/p>\n","protected":false},"excerpt":{"rendered":"<p>Anche per gli addetti delle imprese artigiane della Sardegna, in arrivo pi\u00f9 soldi in busta paga. L\u2019obiettivo \u00e8 sviluppare la competitivit\u00e0 delle aziende nel mercato.&#8230;<\/p>\n","protected":false},"author":2,"featured_media":0,"comment_status":"closed","ping_status":"closed","sticky":false,"template":"","format":"standard","meta":[],"categories":[49],"tags":[],"_links":{"self":[{"href":"https:\/\/www.cronacaonline.it\/index.php\/wp-json\/wp\/v2\/posts\/73912"}],"collection":[{"href":"https:\/\/www.cronacaonline.it\/index.php\/wp-json\/wp\/v2\/posts"}],"about":[{"href":"https:\/\/www.cronacaonline.it\/index.php\/wp-json\/wp\/v2\/types\/post"}],"author":[{"embeddable":true,"href":"https:\/\/www.cronacaonline.it\/index.php\/wp-json\/wp\/v2\/users\/2"}],"replies":[{"embeddable":true,"href":"https:\/\/www.cronacaonline.it\/index.php\/wp-json\/wp\/v2\/comments?post=73912"}],"version-history":[{"count":0,"href":"https:\/\/www.cronacaonline.it\/index.php\/wp-json\/wp\/v2\/posts\/73912\/revisions"}],"wp:attachment":[{"href":"https:\/\/www.cronacaonline.it\/index.php\/wp-json\/wp\/v2\/media?parent=73912"}],"wp:term":[{"taxonomy":"category","embeddable":true,"href":"https:\/\/www.cronacaonline.it\/index.php\/wp-json\/wp\/v2\/categories?post=73912"},{"taxonomy":"post_tag","embeddable":true,"href":"https:\/\/www.cronacaonline.it\/index.php\/wp-json\/wp\/v2\/tags?post=73912"}],"curies":[{"name":"wp","href":"https:\/\/api.w.org\/{rel}","templated":true}]}}