{"id":73902,"date":"2012-03-09T00:00:00","date_gmt":"2012-03-08T23:00:00","guid":{"rendered":"http:\/\/www.cronacaonline.it\/public\/content\/index.php\/2012\/03\/09\/importante-operazione-dei-carabinieri-del-comando-provinciale-di-sassari-arrestate-5-persone-presunte-mandanti-e-assassini\/"},"modified":"2012-03-09T00:00:00","modified_gmt":"2012-03-08T23:00:00","slug":"importante-operazione-dei-carabinieri-del-comando-provinciale-di-sassari-arrestate-5-persone-presunte-mandanti-e-assassini","status":"publish","type":"post","link":"https:\/\/www.cronacaonline.it\/index.php\/2012\/03\/09\/importante-operazione-dei-carabinieri-del-comando-provinciale-di-sassari-arrestate-5-persone-presunte-mandanti-e-assassini\/","title":{"rendered":"Importante operazione dei carabinieri del Comando provinciale di Sassari, arrestate 5 persone presunte mandanti e assassini"},"content":{"rendered":"<p><P style=\"MARGIN: 0cm 0cm 10pt\" class=MsoNormal><SPAN style=\"LINE-HEIGHT: 115%; FONT-FAMILY: 'Verdana','sans-serif'; FONT-SIZE: 12pt\"><\/SPAN><\/p>\n<p><SPAN style=\"LINE-HEIGHT: 115%; FONT-FAMILY: 'Verdana','sans-serif'; FONT-SIZE: 12pt\">Sono quindi finiti in manette <B style=\"mso-bidi-font-weight: normal\">Salvatore Brundu<\/B>, 23 anni, <B style=\"mso-bidi-font-weight: normal\">Giovanni Manca,<\/B> 42 anni, i fratelli <B style=\"mso-bidi-font-weight: normal\">Giovanni Antonio<\/B>, 47 anni, <B style=\"mso-bidi-font-weight: normal\">Mario<\/B>, 48 anni e <B style=\"mso-bidi-font-weight: normal\">Giuseppe Canu<\/B>, 50 anni, tutti allevatori residenti a Buddus\u00f2.<\/SPAN><\/p>\n<p><SPAN style=\"LINE-HEIGHT: 115%; FONT-FAMILY: 'Verdana','sans-serif'; FONT-SIZE: 12pt\">Sulla base di quanto finora accertato dagli ormai abilissimi investigatori del Comando provinciale cc di Sassari, che quasi mai prima di questi arresti, si giungeva ad accertare le responsabilit\u00e0 nei fatti sangue che di solito avvengono nel mondo agropastorale della Sardegna, ai quali poi difficilmente seguivano gli arresti, il gruppo dei killer era composto da Salvatore Brundu, Giovanni Manca e probabilmente da una terza persona, di cui si sta accertando l\u2019identit\u00e0, mentre lo stesso Manca e Giovanni Antonio Canu sarebbero stati i mandanti. Gli altri due fratelli Canu, Mario e Giuseppe, avrebbero custodito le armi, prima e dopo il delitto.<\/SPAN><\/p>\n<p><SPAN style=\"LINE-HEIGHT: 115%; FONT-FAMILY: 'Verdana','sans-serif'; FONT-SIZE: 12pt\">Come si ricorder\u00e0, verso le 6.00 del 29 aprile 2011, un commando - inizialmente considerato composto da due uomini incappucciati - tese un agguato ai componenti della famiglia Bacciu, uccidendone due, ferendone un terzo, mentre il quarto era riuscito a sottrarsi alla furia omicida fingendosi morto. I malviventi attesero l\u2019arrivo del fuoristrada sul quale viaggiava il nucleo familiare, quando all\u2019ingresso dell\u2019ovile, in localit\u00e0 \u201cBidorosu\u201d, furono investiti da una scarica di pallettoni cal. 12 esplosi da tre fucili semiautomatici.<\/SPAN><\/p>\n<p><SPAN style=\"LINE-HEIGHT: 115%; FONT-FAMILY: 'Verdana','sans-serif'; FONT-SIZE: 12pt\">La contesa sul godimento dell\u2019ovile e delle campagne circostanti, ritenute di particolare pregio, ha creato una spirale di reciproci dispetti e forte attrito tra le famiglie, protrattasi per circa un anno, culminata nel grave fatto di sangue. Le indagini, coordinate dal PM Carlo Scalas della Procura di Sassari, si indirizzarono immediatamente nei confronti degli arrestati, legati da vincoli di parentela (sono cugini di primo grado), oltre che dalla conduzione in comune di attivit\u00e0 agro pastorali. Occorre precisare, che l\u2019ovile ricade in una propriet\u00e0 comunale per la quale non si \u00e8 mai provveduto a formale assegnazione dei singoli terreni ai privati e la cui utilizzazione \u00e8 stata, per consuetudine, regolata dalla priorit\u00e0 d\u2019uso e da \u201caccordi\u201d tra pastori, senza il pagamento di alcun canone.<\/SPAN><\/p>\n<p><SPAN style=\"LINE-HEIGHT: 115%; FONT-FAMILY: 'Verdana','sans-serif'; FONT-SIZE: 12pt\">La stessa dinamica dell\u2019agguato, d\u2019altronde, aveva indirizzato le indagini verso persone che avevano profonda conoscenza di quei luoghi, impervi ed insidiosi per chiunque non li frequenti giornalmente.<\/SPAN><\/p>\n<p><SPAN style=\"LINE-HEIGHT: 115%; FONT-FAMILY: 'Verdana','sans-serif'; FONT-SIZE: 12pt\">I reati contestati nell\u2019ordinanza del GIP, Antonio Pietro Spanu, sono di duplice omicidio e tentato omicidio premeditato in concorso, detenzione e porto illegale di armi da sparo e violazione di domicilio. <\/SPAN><\/p>\n<p><SPAN style=\"LINE-HEIGHT: 115%; FONT-FAMILY: 'Verdana','sans-serif'; FONT-SIZE: 12pt\">Gli arrestati sono stati condotti al carcere di San Sebastiano, in attesa degli interrogatori di convalida.<\/SPAN><\/p>\n<p><SPAN style=\"LINE-HEIGHT: 115%; FONT-FAMILY: 'Verdana','sans-serif'; FONT-SIZE: 12pt\"><\/SPAN>&nbsp;<\/p>\n","protected":false},"excerpt":{"rendered":"<p>Sono quindi finiti in manette Salvatore Brundu, 23 anni, Giovanni Manca, 42 anni, i fratelli Giovanni Antonio, 47 anni, Mario, 48 anni e Giuseppe Canu,&#8230;<\/p>\n","protected":false},"author":2,"featured_media":0,"comment_status":"closed","ping_status":"closed","sticky":false,"template":"","format":"standard","meta":[],"categories":[49],"tags":[],"_links":{"self":[{"href":"https:\/\/www.cronacaonline.it\/index.php\/wp-json\/wp\/v2\/posts\/73902"}],"collection":[{"href":"https:\/\/www.cronacaonline.it\/index.php\/wp-json\/wp\/v2\/posts"}],"about":[{"href":"https:\/\/www.cronacaonline.it\/index.php\/wp-json\/wp\/v2\/types\/post"}],"author":[{"embeddable":true,"href":"https:\/\/www.cronacaonline.it\/index.php\/wp-json\/wp\/v2\/users\/2"}],"replies":[{"embeddable":true,"href":"https:\/\/www.cronacaonline.it\/index.php\/wp-json\/wp\/v2\/comments?post=73902"}],"version-history":[{"count":0,"href":"https:\/\/www.cronacaonline.it\/index.php\/wp-json\/wp\/v2\/posts\/73902\/revisions"}],"wp:attachment":[{"href":"https:\/\/www.cronacaonline.it\/index.php\/wp-json\/wp\/v2\/media?parent=73902"}],"wp:term":[{"taxonomy":"category","embeddable":true,"href":"https:\/\/www.cronacaonline.it\/index.php\/wp-json\/wp\/v2\/categories?post=73902"},{"taxonomy":"post_tag","embeddable":true,"href":"https:\/\/www.cronacaonline.it\/index.php\/wp-json\/wp\/v2\/tags?post=73902"}],"curies":[{"name":"wp","href":"https:\/\/api.w.org\/{rel}","templated":true}]}}