{"id":73862,"date":"2012-03-07T00:00:00","date_gmt":"2012-03-06T23:00:00","guid":{"rendered":"http:\/\/www.cronacaonline.it\/public\/content\/index.php\/2012\/03\/07\/giovane-incensurato-arrestato-dai-carabinieri-di-muravera-per-detenzione-ai-fini-di-spaccio-di-stupefacenti\/"},"modified":"2012-03-07T00:00:00","modified_gmt":"2012-03-06T23:00:00","slug":"giovane-incensurato-arrestato-dai-carabinieri-di-muravera-per-detenzione-ai-fini-di-spaccio-di-stupefacenti","status":"publish","type":"post","link":"https:\/\/www.cronacaonline.it\/index.php\/2012\/03\/07\/giovane-incensurato-arrestato-dai-carabinieri-di-muravera-per-detenzione-ai-fini-di-spaccio-di-stupefacenti\/","title":{"rendered":"Giovane incensurato arrestato dai carabinieri di Muravera per detenzione ai fini di spaccio di stupefacenti."},"content":{"rendered":"<p><P style=\"MARGIN: 0cm 0cm 0pt\" class=MsoNormal>Questa mattina alle ore 8,30 circa, i carabinieri della Stazione di Muravera (Ca), nel corso di un servizio opportunamente predisposto, hanno arrestato per<SPAN class=apple-converted-space><SPAN style=\"FONT-FAMILY: 'Verdana','sans-serif'; COLOR: black; FONT-SIZE: 11pt; mso-bidi-font-family: Calibri\">&nbsp;<\/SPAN><\/SPAN><SPAN style=\"FONT-SIZE: 10.5pt; mso-bidi-font-style: italic\">detenzione ai fini&nbsp; di spaccio di sostanze stupefacenti<\/SPAN><SPAN style=\"FONT-SIZE: 10pt\">,<\/SPAN><SPAN class=apple-converted-space><SPAN style=\"FONT-FAMILY: 'Verdana','sans-serif'; COLOR: black; FONT-SIZE: 10pt; mso-bidi-font-family: Calibri\">&nbsp;S<\/SPAN><\/SPAN><B>tefano Melis, <\/B>19enne,<SPAN class=apple-converted-space><B><SPAN style=\"FONT-FAMILY: 'Verdana','sans-serif'; COLOR: black; FONT-SIZE: 11pt; mso-bidi-font-family: Calibri\">&nbsp;<\/SPAN><\/B><\/SPAN>nato a Cagliari, residente a Ballao (Ca), studente, incensurato<B>.<\/B><SPAN class=apple-converted-space><SPAN style=\"FONT-FAMILY: 'Verdana','sans-serif'; COLOR: black; FONT-SIZE: 11pt; mso-bidi-font-family: Calibri\"><\/SPAN><\/SPAN><\/p>\n<p>Il ragazzo \u00e8 stato sorpreso vicino all\u2019ingresso dell\u2019istituto superiore agrario \u201cCettolini\u201d di Muravera, da lui frequentato, in possesso di tre grammi di circa di marijuana, di uno spinello gi\u00e0 confezionato e 240<B>,<\/B>00 euro in banconote di vario taglio, sottoposti a sequestro. <\/p>\n<p>Quindi il giovane \u00e8 stato portato in caserma e poi dopo le formalit\u00e0 di legge \u00e8 stato portato a casa sua dove deve rimanere in attesa dell\u2019udienza di convalida del provvedimento restrittivo.<\/p>\n<p>Domani mattina Melis sar\u00e0 portato davanti al giudice unico presso il tribunale di Cagliari che lo processer\u00e0 con il rito direttissimo.<\/p>\n<p>Il servizio nel corso del quale i carabinieri della stazione di Muravera hanno effettuato l\u2019arresto, rientra &nbsp;in &nbsp;una &nbsp;costante &nbsp;attivit\u00e0 &nbsp;preventiva &nbsp;che &nbsp;dall\u2019inizio &nbsp;dell\u2019anno &nbsp;scolastico &nbsp;i &nbsp;carabinieri &nbsp;della &nbsp;Compagnia &nbsp;di &nbsp;San Vito &nbsp;stanno &nbsp;conducendo&nbsp; - parimenti agli altri reparti del comando provinciale di Cagliari - &nbsp;nei pressi gli istituti scolastici della propria giurisdizione &nbsp;per infrenare il fenomeno dello spaccio di sostanze stupefacenti, che colpisce facilmente i pi\u00f9 giovani.<SPAN style=\"FONT-SIZE: 9pt\"><\/SPAN><\/p>\n","protected":false},"excerpt":{"rendered":"<p>Questa mattina alle ore 8,30 circa, i carabinieri della Stazione di Muravera (Ca), nel corso di un servizio opportunamente predisposto, hanno arrestato per&nbsp;detenzione ai fini&nbsp;&#8230;<\/p>\n","protected":false},"author":2,"featured_media":12091,"comment_status":"closed","ping_status":"closed","sticky":false,"template":"","format":"standard","meta":[],"categories":[49],"tags":[],"_links":{"self":[{"href":"https:\/\/www.cronacaonline.it\/index.php\/wp-json\/wp\/v2\/posts\/73862"}],"collection":[{"href":"https:\/\/www.cronacaonline.it\/index.php\/wp-json\/wp\/v2\/posts"}],"about":[{"href":"https:\/\/www.cronacaonline.it\/index.php\/wp-json\/wp\/v2\/types\/post"}],"author":[{"embeddable":true,"href":"https:\/\/www.cronacaonline.it\/index.php\/wp-json\/wp\/v2\/users\/2"}],"replies":[{"embeddable":true,"href":"https:\/\/www.cronacaonline.it\/index.php\/wp-json\/wp\/v2\/comments?post=73862"}],"version-history":[{"count":0,"href":"https:\/\/www.cronacaonline.it\/index.php\/wp-json\/wp\/v2\/posts\/73862\/revisions"}],"wp:featuredmedia":[{"embeddable":true,"href":"https:\/\/www.cronacaonline.it\/index.php\/wp-json\/wp\/v2\/media\/12091"}],"wp:attachment":[{"href":"https:\/\/www.cronacaonline.it\/index.php\/wp-json\/wp\/v2\/media?parent=73862"}],"wp:term":[{"taxonomy":"category","embeddable":true,"href":"https:\/\/www.cronacaonline.it\/index.php\/wp-json\/wp\/v2\/categories?post=73862"},{"taxonomy":"post_tag","embeddable":true,"href":"https:\/\/www.cronacaonline.it\/index.php\/wp-json\/wp\/v2\/tags?post=73862"}],"curies":[{"name":"wp","href":"https:\/\/api.w.org\/{rel}","templated":true}]}}