{"id":73845,"date":"2012-03-06T00:00:00","date_gmt":"2012-03-05T23:00:00","guid":{"rendered":"http:\/\/www.cronacaonline.it\/public\/content\/index.php\/2012\/03\/06\/fisco-amara-sorpresa-per-gli-italiani-questo-mese-alleggerita-la-busta-paga\/"},"modified":"2012-03-06T00:00:00","modified_gmt":"2012-03-05T23:00:00","slug":"fisco-amara-sorpresa-per-gli-italiani-questo-mese-alleggerita-la-busta-paga","status":"publish","type":"post","link":"https:\/\/www.cronacaonline.it\/index.php\/2012\/03\/06\/fisco-amara-sorpresa-per-gli-italiani-questo-mese-alleggerita-la-busta-paga\/","title":{"rendered":"Fisco &#8211; Amara sorpresa per gli italiani: questo mese alleggerita la busta paga"},"content":{"rendered":"<p><SPAN style=\"FONT-FAMILY: 'Verdana','sans-serif'; BACKGROUND: white\">Era attesa ed \u00e8 arrivata puntuale. E a pagare anche in anticipo sono sempre i solito noti. Nonostante il governo Monti che era la speranza di chi ha sempre pagato onestamente i tributi imposti da uno stato sempre ingiusto. Infatti, la sorpresa era contenuta nella busta paga di marzo e dentro vi sar\u00e0 il conguaglio dell'aumento delle addizionali regionali Irpef 2011 (deciso retroattivamente dal governo Monti a dicembre dello scorso anno) e l'acconto del 30 per cento delle addizionali comunali Irpef, sbloccate dal Berlusconi-Tremonti nell'estate scorsa. Grazie al semaforo verde gi\u00e0 300 Municipi hanno approvato gli aumenti, tra cui sette capoluoghi di provincia.<\/SPAN><\/p>\n<p><SPAN style=\"FONT-FAMILY: 'Verdana','sans-serif'; BACKGROUND: white\">Questo nuovo colpo di frusta del governo Monti che per fare bella figura in Europa ha messo in ginocchio gli onesti e solo questi, cittadini italiani che sempre hanno versato regolarmente le tasse dovute e mai si sono sottratti (e non potrebbero farlo) perch\u00e9 lavoratori dipendenti e quindi tutto quello che serve viene prelevato gi\u00e0 prima di dare il resto ai lavoratori. Oggi, la stangata regionale viene valutata dalla Uil servizio politiche territoriali in un aggravio che porter\u00e0 la famiglia media a pagare fino a 371 euro, mentre per quella comunale si prevede un passaggio nel 2012 dai 129 ai 177 euro medi pro-capite. Si intende che chi guadagna di pi\u00f9 sar\u00e0 sottoposto ad un salasso maggiore. Tutto ci\u00f2 mentre il decreto fiscale, in discussione in Parlamento, ha sbloccato le aliquote Irap e se le Regioni si avvalessero della nuova opportunit\u00e0 e aumentassero di un punto la tassa sulle attivit\u00e0 produttive per le imprese ci sarebbe un aggravio che la Cgia di Mestre calcola in 3,5 miliardi. Tutto ci\u00f2 in attesa del 16 giugno quando si torner\u00e0, con la prima rata, a pagare l'Imu sulla prima casa: in citt\u00e0 come Roma e Milano la famiglia media pagher\u00e0 83 euro, ma la media nazionale non dice tutto perch\u00e9 in citt\u00e0 come Roma si arriver\u00e0 a 461 euro e come Milano a 426 euro. Completano il quadro gli aumenti della tassa sui rifiuti, unica esente dal blocco del 2008: in tre anni \u00e8<\/SPAN><FONT face=Calibri><SPAN style=\"WIDOWS: 2; ORPHANS: 2; FLOAT: none; WORD-SPACING: 0px; -webkit-text-size-adjust: auto; -webkit-text-stroke-width: 0px\">cresciuta mediamente in Italia del 7,6 per cento e molti Municipi sono pronti a nuovi rincari. A far da beffa una serie di micro-imposte come l'addizionale che le Province, ente di cui molti vorrebbero la soppressione, impongono sulla Tassa comunale sui rifiuti, si chiama Tefa e dal 2012 pu\u00f2 aumentare liberamente.<\/SPAN><\/SPAN><\/FONT><\/p>\n<p><STRONG><SPAN style=\"BORDER-BOTTOM: windowtext 1pt; BORDER-LEFT: windowtext 1pt; PADDING-BOTTOM: 0cm; LINE-HEIGHT: 115%; PADDING-LEFT: 0cm; PADDING-RIGHT: 0cm; FONT-FAMILY: 'Verdana','sans-serif'; BACKGROUND: white; COLOR: #222222; FONT-SIZE: 12pt; BORDER-TOP: windowtext 1pt; BORDER-RIGHT: windowtext 1pt; PADDING-TOP: 0cm; mso-bidi-font-family: Arial; mso-border-alt: none windowtext 0cm\">Addizionali regionali - <\/SPAN><\/STRONG><SPAN style=\"FONT-FAMILY: 'Verdana','sans-serif'; BACKGROUND: white\">Stangata in arrivo per le addizionali regionali. Nella busta-paga di marzo tutti i contribuenti italiani, da Nord a Sud, di tutte le Regioni, dovranno pagare il conguaglio 2011 dell'aumento dell'addizionale regionale Irpef deciso con il decreto Salva Italia del governo Monti. L'aumento \u00e8 pari allo 0,33 per cento dell'aliquota base (cio\u00e8 quella che non \u00e8 nella discrezionalit\u00e0 delle Regioni) e porta l'aliquota dallo 0,9 all'1,23 per cento. Gi\u00e0 nella busta paga del mese di febbraio, appena alle nostre spalle, c'\u00e8 stata l'altro piccolo salasso: il previsto acconto del 30 per cento dell'addizionale del 2012 che quest'anno \u00e8 stato pi\u00f9 salato del 2011 perch\u00e9 comprende l'aumento dello 0,33. Secondo i calcoli della Uil servizio politiche territoriali l'aumento in questione vale mediamente 76 euro. Nel biennio si pagheranno 152 euro in pi\u00f9. L'aumento \u00e8 piuttosto doloroso perch\u00e9 le addizionali Irpef, a differenza dell'Irpef nazionale, non sono protette dalle detrazioni per la produzione di reddito, ovvero si pagano sull'imponibile pieno. Si calcola che l'aggravio dovuto all'imminente rincaro sia confrontabile ad un aumento di un punto dell'aliquota Irpef statale.&nbsp;<\/SPAN><SPAN class=apple-converted-space><SPAN style=\"LINE-HEIGHT: 115%; FONT-FAMILY: 'Verdana','sans-serif'; BACKGROUND: white; COLOR: #222222; FONT-SIZE: 12pt; mso-bidi-font-family: Arial\">&nbsp;<\/SPAN><\/SPAN><\/SPAN><\/p>\n<p><STRONG><SPAN style=\"BORDER-BOTTOM: windowtext 1pt; BORDER-LEFT: windowtext 1pt; PADDING-BOTTOM: 0cm; LINE-HEIGHT: 115%; PADDING-LEFT: 0cm; PADDING-RIGHT: 0cm; FONT-FAMILY: 'Verdana','sans-serif'; BACKGROUND: white; COLOR: #222222; FONT-SIZE: 12pt; BORDER-TOP: windowtext 1pt; BORDER-RIGHT: windowtext 1pt; PADDING-TOP: 0cm; mso-bidi-font-family: Arial; mso-border-alt: none windowtext 0cm\">Addizionali comunali - <\/SPAN><\/STRONG><SPAN style=\"FONT-FAMILY: 'Verdana','sans-serif'; BACKGROUND: white\">Raffica di rincari per l'addizionale comunale dell'Irpef il cui aumento \u00e8 stato sbloccato dal decreto di agosto firmato dall'allora ministro dell'Economia Tremonti. Con la busta-paga di marzo bisogner\u00e0 pagare il previsto acconto del 30 per cento. Ad oggi, sebbene la maggior parte dei Comuni non abbia ancora approvato il bilancio del 2012, gi\u00e0 301 Municipi hanno varato gli aumenti. Tra questi sette citt\u00e0 capoluogo: Chieti passa dallo 0,7 del 2011 all'attuale 0,8 per cento; Agrigento dallo 0,4 allo 0,6; Brescia dallo 0,2 allo 0,55; Catanzaro dallo 0,5 allo 0,8 per cento; Teramo dallo 0,5 allo 0,8; Viterbo dallo 0,4 allo 0,5; mentre Ferrara ha deliberato tre aliquote per fasce di reddito passando dall'aliquota unica dello 0,5 dello scorso anno ad aliquote comprese dallo 0,6 allo 0,8 per cento. Ma non \u00e8 finita perch\u00e9 i Comuni hanno tempo fino al 30 giugno, data successiva alle elezioni amministrative, per aumentare l'Irpef e dunque i contribuenti italiani potranno aspettarsi altre sorprese. La Uil politiche territoriali stima che quest'anno l'aggravio medio potr\u00e0 arrivare a 58 euro pro-capite. In totale i Municipi che lo scorso anno avevano deliberato l'addizionale Irpef erano 6.216 su un totale di circa 8.000.<\/SPAN><SPAN class=apple-converted-space><SPAN style=\"LINE-HEIGHT: 115%; FONT-FAMILY: 'Verdana','sans-serif'; BACKGROUND: white; COLOR: #222222; FONT-SIZE: 12pt; mso-bidi-font-family: Arial\">&nbsp;<\/SPAN><\/SPAN><\/SPAN><\/p>\n<p><STRONG><SPAN style=\"BORDER-BOTTOM: windowtext 1pt; BORDER-LEFT: windowtext 1pt; PADDING-BOTTOM: 0cm; LINE-HEIGHT: 115%; PADDING-LEFT: 0cm; PADDING-RIGHT: 0cm; FONT-FAMILY: 'Verdana','sans-serif'; BACKGROUND: white; COLOR: #222222; FONT-SIZE: 12pt; BORDER-TOP: windowtext 1pt; BORDER-RIGHT: windowtext 1pt; PADDING-TOP: 0cm; mso-bidi-font-family: Arial; mso-border-alt: none windowtext 0cm\">Tarsu - <\/SPAN><\/STRONG><SPAN style=\"FONT-FAMILY: 'Verdana','sans-serif'; BACKGROUND: white\">In attesa della Tares, la nuova imposta sui servizi pubblici comunali e sui rifiuti che entrer\u00e0 in vigore dal prossimo anno, continua il rincaro della vecchia Tarsu, che non \u00e8 mai stata sottoposta a blocchi e dunque \u00e8 stata per molti Comuni l'unica leva fiscale utilizzabile. Dal 2008 al 2010 la Tarsu ha totalizzato mediamente nei Comuni italiani un aumento del 7,6 per cento. Mediamente nel 2010 le famiglie italiane - prendendo come campione un nucleo familiare di 4 persone con una casa di 80 metri quadrati e un reddito imponibile Irpef di 36 mila euro - hanno pagato 210 euro (nel 2009 erano 200 euro). Ma gli aumenti non si fermano qui: nel 2011 sono stati messi a segno altri rincari e la prossima estate si disporr\u00e0 di un quadro definito delle decisioni che stanno meditando i Comuni. Inoltre la stragrande maggioranza delle Province, 86 amministrazioni, aggiunge alla tassa rifiuti comunale il peso del proprio Tributo provinciale ambientale. L'aliquota pi\u00f9 alta \u00e8 pari al 5 per cento, mentre il minimo \u00e8 l'1 per cento. Tra le amministrazioni pi\u00f9 care Arezzo con il 4,7 per cento; Catania, Messina, Agrigento, Avellino, Lucca e Foggia con il 4 per cento e Udine con il 4,5 per cento.<\/SPAN><\/SPAN><\/p>\n<p><STRONG><SPAN style=\"BORDER-BOTTOM: windowtext 1pt; BORDER-LEFT: windowtext 1pt; PADDING-BOTTOM: 0cm; LINE-HEIGHT: 115%; PADDING-LEFT: 0cm; PADDING-RIGHT: 0cm; FONT-FAMILY: 'Verdana','sans-serif'; BACKGROUND: white; COLOR: #222222; FONT-SIZE: 12pt; BORDER-TOP: windowtext 1pt; BORDER-RIGHT: windowtext 1pt; PADDING-TOP: 0cm; mso-bidi-font-family: Arial; mso-border-alt: none windowtext 0cm\">Irap locale e altre tasse - <\/SPAN><\/STRONG><SPAN style=\"FONT-FAMILY: 'Verdana','sans-serif'; BACKGROUND: white\">Il decreto legge fiscale deve ancora essere convertito, ma gli aumenti possono essere gi\u00e0 varati. Il provvedimento del governo Monti sblocca dal 2012 una serie di tasse regionali, provinciali e comunali. La pi\u00f9 importante \u00e8 l'Irap che da una parte beneficia delle maggiori detrazioni per le assunzioni di giovani e donne varate dal governo, ma dall'altra \u00e8 esposta a pericolosi rincari. La Cgia di Mestre ha calcolato che se tutte le regioni che hanno ancora margini mettessero in atto un aumento di un punto il costo per le imprese sarebbe di 3,5 miliardi. Il pacchetto di imposte, per cos\u00ec dire \"minori\", era ancora sotto il blocco del 2008 dal quale gi\u00e0 erano uscite Irpef e Rc auto e che non aveva mai investito la Tarsu. Che aumenti dobbiamo aspettarci? A livello regionale potranno aumentare oltre all'Irap, il bollo auto, la Tassa per i diritto allo studio, l'Addizionale per il consumo del gas (Arisgam), le tasse per l'abilitazione professionale. A livello provinciale: il citato Tributo ambientale (Tefa), la tassa provinciale per l'occupazione del suolo pubblico (Tosap). A livello comunale la stangata possibile sulle tasse \"minori\" non sar\u00e0 meno pesante: nel mirino degli amministratori ci saranno l'imposta sulla pubblicit\u00e0 e la Tosap.<\/SPAN><\/SPAN><\/p>\n<p><STRONG><SPAN style=\"BORDER-BOTTOM: windowtext 1pt; BORDER-LEFT: windowtext 1pt; PADDING-BOTTOM: 0cm; LINE-HEIGHT: 115%; PADDING-LEFT: 0cm; PADDING-RIGHT: 0cm; FONT-FAMILY: 'Verdana','sans-serif'; BACKGROUND: white; COLOR: #222222; FONT-SIZE: 12pt; BORDER-TOP: windowtext 1pt; BORDER-RIGHT: windowtext 1pt; PADDING-TOP: 0cm; mso-bidi-font-family: Arial; mso-border-alt: none windowtext 0cm\">Imu - <\/SPAN><\/STRONG><SPAN style=\"FONT-FAMILY: 'Verdana','sans-serif'; BACKGROUND: white\">La data fatidica \u00e8 il 16 giugno quando torner\u00e0 l'Ici sulla prima casa sotto le mentite spoglie dell'Imu, imposta municipale unica. Per quella data \u00e8 infatti previsto il versamento della prima rata. Una vera e propria stangata che porter\u00e0 nelle casse dello Stato 11,5 miliardi L'aliquota ordinaria \u00e8 stata fissata al 4 per mille e i Comuni potranno aumentare o diminuire l'aliquota del 2 per mill. La tassa sar\u00e0 mitigata da una detrazione di 200 euro, aumentabile di 50 euro per ciascun figlio a carico under 26 fino ad un massimo di 400 euro. La Uil servizio politiche territoriali calcola che l'aggravio medio per le famiglie sar\u00e0 quest'anno di 83 euro con punte di 461 euro a Roma 426 a Milano. Doloroso anche il pagamento dell'Imu per le seconde case, sottoposto come per le prime ad un ampliamento della base imponibile con il rincaro delle rendite catastali del 60 per cento. L'aliquota di base \u00e8 fissata allo 0,76 per mille sulla quale i Comuni potranno apportare un aumento o una diminuzione del 3 per mille. L'aggravio medio, rispetto alla vecchia Ici-Irpef seconda casa, sar\u00e0 mediamente di 95 euro, passando da un esborso medio di 537 euro a uno di 632 euro. Punte di esborsi medi di 1.286 a Roma e 1.352 a Milano.<\/SPAN><\/SPAN><\/p>\n","protected":false},"excerpt":{"rendered":"<p>Era attesa ed \u00e8 arrivata puntuale. E a pagare anche in anticipo sono sempre i solito noti. Nonostante il governo Monti che era la speranza&#8230;<\/p>\n","protected":false},"author":2,"featured_media":12086,"comment_status":"closed","ping_status":"closed","sticky":false,"template":"","format":"standard","meta":[],"categories":[49],"tags":[],"_links":{"self":[{"href":"https:\/\/www.cronacaonline.it\/index.php\/wp-json\/wp\/v2\/posts\/73845"}],"collection":[{"href":"https:\/\/www.cronacaonline.it\/index.php\/wp-json\/wp\/v2\/posts"}],"about":[{"href":"https:\/\/www.cronacaonline.it\/index.php\/wp-json\/wp\/v2\/types\/post"}],"author":[{"embeddable":true,"href":"https:\/\/www.cronacaonline.it\/index.php\/wp-json\/wp\/v2\/users\/2"}],"replies":[{"embeddable":true,"href":"https:\/\/www.cronacaonline.it\/index.php\/wp-json\/wp\/v2\/comments?post=73845"}],"version-history":[{"count":0,"href":"https:\/\/www.cronacaonline.it\/index.php\/wp-json\/wp\/v2\/posts\/73845\/revisions"}],"wp:featuredmedia":[{"embeddable":true,"href":"https:\/\/www.cronacaonline.it\/index.php\/wp-json\/wp\/v2\/media\/12086"}],"wp:attachment":[{"href":"https:\/\/www.cronacaonline.it\/index.php\/wp-json\/wp\/v2\/media?parent=73845"}],"wp:term":[{"taxonomy":"category","embeddable":true,"href":"https:\/\/www.cronacaonline.it\/index.php\/wp-json\/wp\/v2\/categories?post=73845"},{"taxonomy":"post_tag","embeddable":true,"href":"https:\/\/www.cronacaonline.it\/index.php\/wp-json\/wp\/v2\/tags?post=73845"}],"curies":[{"name":"wp","href":"https:\/\/api.w.org\/{rel}","templated":true}]}}