{"id":73820,"date":"2012-03-05T00:00:00","date_gmt":"2012-03-04T23:00:00","guid":{"rendered":"http:\/\/www.cronacaonline.it\/public\/content\/index.php\/2012\/03\/05\/aggrediscono-e-rapinano-connazionale-a-nuoro-tre-romeni-arrestati-dal-personale-della-squadra-mobile\/"},"modified":"2012-03-05T00:00:00","modified_gmt":"2012-03-04T23:00:00","slug":"aggrediscono-e-rapinano-connazionale-a-nuoro-tre-romeni-arrestati-dal-personale-della-squadra-mobile","status":"publish","type":"post","link":"https:\/\/www.cronacaonline.it\/index.php\/2012\/03\/05\/aggrediscono-e-rapinano-connazionale-a-nuoro-tre-romeni-arrestati-dal-personale-della-squadra-mobile\/","title":{"rendered":"Aggrediscono e rapinano connazionale a Nuoro, tre romeni arrestati dal personale della Squadra Mobile."},"content":{"rendered":"<p><P style=\"MARGIN: 0cm 0cm 0pt\" class=MsoNormal><B style=\"mso-bidi-font-weight: normal\"><SPAN style=\"FONT-FAMILY: 'Verdana','sans-serif'\"><\/SPAN><\/B><\/p>\n<p><SPAN style=\"FONT-FAMILY: 'Verdana','sans-serif'\">Dopo gli insulti l'uomo \u00e8 stato circondato e i tre hanno iniziato a strattonarlo. La vittima, per\u00f2, \u00e8 riuscita a divincolarsi e ad allontanarsi, raggiungendo un bar dove poi la stessa scena si \u00e8 ripetuta all'interno del bar. Qui i tre aggressori si sono presentati nel locale e hanno ripreso ad insultare il connazionale. Subito dopo l'uomo \u00e8 stato immobilizzato e preso a calci e pugni davanti agli altri avventori, nessuno dei quali ha chiamato i soccorsi o il 113. Durante la violenta aggressione alla vittima \u00e8 stato portato via il portafoglio con 30 euro e una felpa.<\/SPAN><\/p>\n<p><SPAN style=\"FONT-FAMILY: 'Verdana','sans-serif'\">Il giovane straniero, dopo essere riuscito a divincolarsi dalla morsa dei tre, \u00e8 scappato e poi sotto shock ha vagato nelle vie del centro da dove, verso le 23,00, chiamato il 118. <\/SPAN><\/p>\n<p><SPAN style=\"FONT-FAMILY: 'Verdana','sans-serif'\">Quindi \u00e8 stato soccorso dai sanitari dell\u2019unit\u00e0 medica e trasportato in ospedale dove dopo le prime cure i medici lo hanno ricoverato nel reparto di Neurochirurgia con lesioni in tutto il corpo (particolarmente gravi quelle ai denti e il trauma alla testa) con una prognosi di trenta giorni. <\/SPAN><\/p>\n<p><SPAN style=\"FONT-FAMILY: 'Verdana','sans-serif'\">Nella mattina successiva, i tre aggressori si sono presentati in ospedale e, nei corridoi del Reparto, hanno minacciato nuovamente la vittima del pestaggio alla quale \u00e8 stato intimato di non chiamare <st1:PersonName w:st=\"on\" ProductID=\"la Polizia\">la Polizia<\/st1:PersonName> altrimenti la sua vita sarebbe stata in serio pericolo. Arrivavano ad offrirgli persino del denaro in cambio del suo silenzio. <\/SPAN><\/p>\n<p><SPAN style=\"FONT-FAMILY: 'Verdana','sans-serif'\">Sul posto per\u00f2 nel frattempo sono giunti gli agenti della Squadra Mobile, coordinati da Fabrizio Mustaro, che hanno poi ricostruito la dinamica dei fatti e si sono messi perci\u00f2 sulle tracce dei tre aggressori che hanno infine rintracciati e fermati per la gravit\u00e0 degli indizi a loro carico, le testimonianze raccolte e la gravit\u00e0 dei fatti. I tre romeni, senza fissa dimora, uno di 36 anni, l'altro di 21 e l'altro di 27 anni, tutti operai, dopo le formalit\u00e0 di legge negli uffici della Questura cittadina sono stati condotti e rinchiuso nel carcere nuorese di \u201cBad\u2019e Carros\u201d, dove rimarranno in attesa dell\u2019udienza di convalida. <\/SPAN><\/p>\n<p><SPAN style=\"FONT-FAMILY: 'Verdana','sans-serif'\">L'attivit\u00e0 investigativa e il monitoraggio della numerosa comunit\u00e0 romena locale \u00e8 stata eseguita anche con la collaborazione di un Ufficiale di <SPAN style=\"mso-spacerun: yes\">&nbsp;<\/SPAN>Collegamento della Polizia della nazione dei fermati in servizio alla Squadra Mobile da oltre tre mesi. L'Ufficiale, che lavora nella Questura di Timisoara, \u00e8 a Nuoro nell'ambito del progetto <a href=\"http:\/\/ita.ro\/\" target=\"_blank\" rel=\"noopener noreferrer\"><SPAN style=\"mso-bidi-font-family: Arial\"><FONT color=#0000ff>Ita.Ro<\/FONT><\/SPAN><\/A> (Italia Romania, appunto), che prevede l\u2019affiancamento di agenti romeni agli italiani, in un lavoro congiunto nel contrasto di reati che vedono coinvolti soggetti di nazionalit\u00e0 rumena.<\/SPAN><\/p>\n","protected":false},"excerpt":{"rendered":"<p>Dopo gli insulti l&#8217;uomo \u00e8 stato circondato e i tre hanno iniziato a strattonarlo. La vittima, per\u00f2, \u00e8 riuscita a divincolarsi e ad allontanarsi, raggiungendo&#8230;<\/p>\n","protected":false},"author":2,"featured_media":0,"comment_status":"closed","ping_status":"closed","sticky":false,"template":"","format":"standard","meta":[],"categories":[49],"tags":[],"_links":{"self":[{"href":"https:\/\/www.cronacaonline.it\/index.php\/wp-json\/wp\/v2\/posts\/73820"}],"collection":[{"href":"https:\/\/www.cronacaonline.it\/index.php\/wp-json\/wp\/v2\/posts"}],"about":[{"href":"https:\/\/www.cronacaonline.it\/index.php\/wp-json\/wp\/v2\/types\/post"}],"author":[{"embeddable":true,"href":"https:\/\/www.cronacaonline.it\/index.php\/wp-json\/wp\/v2\/users\/2"}],"replies":[{"embeddable":true,"href":"https:\/\/www.cronacaonline.it\/index.php\/wp-json\/wp\/v2\/comments?post=73820"}],"version-history":[{"count":0,"href":"https:\/\/www.cronacaonline.it\/index.php\/wp-json\/wp\/v2\/posts\/73820\/revisions"}],"wp:attachment":[{"href":"https:\/\/www.cronacaonline.it\/index.php\/wp-json\/wp\/v2\/media?parent=73820"}],"wp:term":[{"taxonomy":"category","embeddable":true,"href":"https:\/\/www.cronacaonline.it\/index.php\/wp-json\/wp\/v2\/categories?post=73820"},{"taxonomy":"post_tag","embeddable":true,"href":"https:\/\/www.cronacaonline.it\/index.php\/wp-json\/wp\/v2\/tags?post=73820"}],"curies":[{"name":"wp","href":"https:\/\/api.w.org\/{rel}","templated":true}]}}