{"id":73814,"date":"2012-03-07T00:00:00","date_gmt":"2012-03-06T23:00:00","guid":{"rendered":"http:\/\/www.cronacaonline.it\/public\/content\/index.php\/2012\/03\/07\/agricoltur8203a-mense-scolastiche-a-chilometro-zero-domani-conferenza-stampa-nel-medio-campidano\/"},"modified":"2012-03-07T00:00:00","modified_gmt":"2012-03-06T23:00:00","slug":"agricoltur8203a-mense-scolastiche-a-chilometro-zero-domani-conferenza-stampa-nel-medio-campidano","status":"publish","type":"post","link":"https:\/\/www.cronacaonline.it\/index.php\/2012\/03\/07\/agricoltur8203a-mense-scolastiche-a-chilometro-zero-domani-conferenza-stampa-nel-medio-campidano\/","title":{"rendered":"Agricoltur\u200ba, mense scolastiche a chilometro zero: domani conferenza stampa nel Medio Campidano"},"content":{"rendered":"<p><\/SPAN><SPAN style=\"FONT-FAMILY: 'Verdana','sans-serif'; BACKGROUND: white\">Domani gioved\u00ec 8 marzo alle 10,30, nel centro di aggregazione sociale di<\/SPAN><SPAN class=apple-converted-space><SPAN style=\"FONT-FAMILY: 'Verdana','sans-serif'; BACKGROUND: white; COLOR: black; mso-bidi-font-family: Arial\">&nbsp;<\/SPAN><\/SPAN><STRONG><SPAN style=\"FONT-FAMILY: 'Verdana','sans-serif'; BACKGROUND: white; COLOR: black; mso-bidi-font-family: Arial\">Pabillonis (Medio Campidano)<\/SPAN><\/STRONG><SPAN class=apple-converted-space><SPAN style=\"FONT-FAMILY: 'Verdana','sans-serif'; BACKGROUND: white; COLOR: black; mso-bidi-font-family: Arial\">&nbsp;<\/SPAN><\/SPAN><SPAN style=\"FONT-FAMILY: 'Verdana','sans-serif'; BACKGROUND: white\">si terr\u00e0 una conferenza stampa per la presentazione della linea di produzione della pasta di grano duro sardo coltivato esclusivamente in Sardegna.<\/SPAN><\/p>\n<p><SPAN style=\"FONT-FAMILY: 'Verdana','sans-serif'; BACKGROUND: white\">L'assessore dell'Agricoltura, Oscar Cherchi, con i responsabili attuatori del progetto, Laore, Consorzio Agrario di Sardegna e Co.Ce.Sa. descriveranno i dettagli dell'iniziativa. Al termine della conferenza stampa, nella mensa scolastica di via Bologna, sempre a Pabillonis,&nbsp;<\/SPAN><SPAN class=apple-converted-space><SPAN style=\"FONT-FAMILY: 'Verdana','sans-serif'; BACKGROUND: white; COLOR: black; mso-bidi-font-family: Arial\">&nbsp;<\/SPAN><\/SPAN><SPAN style=\"FONT-FAMILY: 'Verdana','sans-serif'; BACKGROUND: white\">\u00e8 prevista la degustazione della pasta sarda e delle altre produzioni agroalimentari di qualit\u00e0 inserite nel men\u00f9 del giorno.<\/SPAN><SPAN class=apple-converted-space><SPAN style=\"FONT-FAMILY: 'Verdana','sans-serif'; BACKGROUND: white; COLOR: black; mso-bidi-font-family: Arial\"> Com<\/SPAN><\/SPAN><\/p>\n","protected":false},"excerpt":{"rendered":"<p>Domani gioved\u00ec 8 marzo alle 10,30, nel centro di aggregazione sociale di&nbsp;Pabillonis (Medio Campidano)&nbsp;si terr\u00e0 una conferenza stampa per la presentazione della linea di produzione&#8230;<\/p>\n","protected":false},"author":2,"featured_media":0,"comment_status":"closed","ping_status":"closed","sticky":false,"template":"","format":"standard","meta":[],"categories":[49],"tags":[],"_links":{"self":[{"href":"https:\/\/www.cronacaonline.it\/index.php\/wp-json\/wp\/v2\/posts\/73814"}],"collection":[{"href":"https:\/\/www.cronacaonline.it\/index.php\/wp-json\/wp\/v2\/posts"}],"about":[{"href":"https:\/\/www.cronacaonline.it\/index.php\/wp-json\/wp\/v2\/types\/post"}],"author":[{"embeddable":true,"href":"https:\/\/www.cronacaonline.it\/index.php\/wp-json\/wp\/v2\/users\/2"}],"replies":[{"embeddable":true,"href":"https:\/\/www.cronacaonline.it\/index.php\/wp-json\/wp\/v2\/comments?post=73814"}],"version-history":[{"count":0,"href":"https:\/\/www.cronacaonline.it\/index.php\/wp-json\/wp\/v2\/posts\/73814\/revisions"}],"wp:attachment":[{"href":"https:\/\/www.cronacaonline.it\/index.php\/wp-json\/wp\/v2\/media?parent=73814"}],"wp:term":[{"taxonomy":"category","embeddable":true,"href":"https:\/\/www.cronacaonline.it\/index.php\/wp-json\/wp\/v2\/categories?post=73814"},{"taxonomy":"post_tag","embeddable":true,"href":"https:\/\/www.cronacaonline.it\/index.php\/wp-json\/wp\/v2\/tags?post=73814"}],"curies":[{"name":"wp","href":"https:\/\/api.w.org\/{rel}","templated":true}]}}