{"id":73811,"date":"2012-03-27T00:00:00","date_gmt":"2012-03-26T22:00:00","guid":{"rendered":"http:\/\/www.cronacaonline.it\/public\/content\/index.php\/2012\/03\/27\/assessarato-turismo-regione-sardegna-bitas-2012-domani-conferenza-stampa-a-nuoro\/"},"modified":"2012-03-27T00:00:00","modified_gmt":"2012-03-26T22:00:00","slug":"assessarato-turismo-regione-sardegna-bitas-2012-domani-conferenza-stampa-a-nuoro","status":"publish","type":"post","link":"https:\/\/www.cronacaonline.it\/index.php\/2012\/03\/27\/assessarato-turismo-regione-sardegna-bitas-2012-domani-conferenza-stampa-a-nuoro\/","title":{"rendered":"Assessarato Turismo Regione Sardegna: Bitas 2012, domani conferenza stampa a Nuoro"},"content":{"rendered":"<p>La Sardegna \u00e8 una destinazione ideale per i turisti che amanovivere da protagonisti la vacanza, combinando le passioni per natura, sport ecultura, grazie a elementi quali bellezza e variet\u00e0 dei paesaggi, clima mitequasi tutto l'anno e ospitalit\u00e0 di una popolazione depositaria di tradizionimillenarie. La Borsa internazionale del turismo attivo in Sardegna \u00e8 l'eventoche ogni anno promuove questo tipo di vacanza (segmento in fortissima ascesa intutto il mondo) e che mette in vetrina il patrimonio paesaggistico isolano conuna duplice finalit\u00e0: la sua fruibilit\u00e0 nel rispetto della natura e i riflessieconomici nei mesi 'dell'altra stagione'.<\/p>\n<p>La terza edizione della Bitas, organizzata dall'assessoratoregionale del Turismo e dall'agenzia Sardegna Promozione, in partnership con laCamera di commercio di Nuoro, si terr\u00e0 il 30 e 31 marzo prossimi a Nuoro e sinoal 3 aprile su tutto il territorio regionale grazie agli educational tour. Lamanifestazione sar\u00e0 presentata ufficialmente a Nuoro in conferenza stampadall'assessore regionale del Turismo Luigi Crisponi, dal presidente dellaCamera di Commercio di Nuoro, Romolo Pisano, e dal sindaco del comunebarbaricino, Alessandro Bianchi,&nbsp;domani, alle 10.30 nella sede nuoresedella Camera di Commercio (sala Giunta, secondo piano), in via Papandrea 8.&nbsp;<\/p>\n","protected":false},"excerpt":{"rendered":"<p>La Sardegna \u00e8 una destinazione ideale per i turisti che amanovivere da protagonisti la vacanza, combinando le passioni per natura, sport ecultura, grazie a elementi&#8230;<\/p>\n","protected":false},"author":2,"featured_media":0,"comment_status":"closed","ping_status":"closed","sticky":false,"template":"","format":"standard","meta":[],"categories":[49],"tags":[],"_links":{"self":[{"href":"https:\/\/www.cronacaonline.it\/index.php\/wp-json\/wp\/v2\/posts\/73811"}],"collection":[{"href":"https:\/\/www.cronacaonline.it\/index.php\/wp-json\/wp\/v2\/posts"}],"about":[{"href":"https:\/\/www.cronacaonline.it\/index.php\/wp-json\/wp\/v2\/types\/post"}],"author":[{"embeddable":true,"href":"https:\/\/www.cronacaonline.it\/index.php\/wp-json\/wp\/v2\/users\/2"}],"replies":[{"embeddable":true,"href":"https:\/\/www.cronacaonline.it\/index.php\/wp-json\/wp\/v2\/comments?post=73811"}],"version-history":[{"count":0,"href":"https:\/\/www.cronacaonline.it\/index.php\/wp-json\/wp\/v2\/posts\/73811\/revisions"}],"wp:attachment":[{"href":"https:\/\/www.cronacaonline.it\/index.php\/wp-json\/wp\/v2\/media?parent=73811"}],"wp:term":[{"taxonomy":"category","embeddable":true,"href":"https:\/\/www.cronacaonline.it\/index.php\/wp-json\/wp\/v2\/categories?post=73811"},{"taxonomy":"post_tag","embeddable":true,"href":"https:\/\/www.cronacaonline.it\/index.php\/wp-json\/wp\/v2\/tags?post=73811"}],"curies":[{"name":"wp","href":"https:\/\/api.w.org\/{rel}","templated":true}]}}