{"id":73795,"date":"2012-03-07T00:00:00","date_gmt":"2012-03-06T23:00:00","guid":{"rendered":"http:\/\/www.cronacaonline.it\/public\/content\/index.php\/2012\/03\/07\/vertenza-shardna-regione-valuta-ogni-possibile-soluzione\/"},"modified":"2012-03-07T00:00:00","modified_gmt":"2012-03-06T23:00:00","slug":"vertenza-shardna-regione-valuta-ogni-possibile-soluzione","status":"publish","type":"post","link":"https:\/\/www.cronacaonline.it\/index.php\/2012\/03\/07\/vertenza-shardna-regione-valuta-ogni-possibile-soluzione\/","title":{"rendered":"Vertenza Shardna, Regione valuta ogni possibile soluzione"},"content":{"rendered":"<p><B><SPAN style=\"FONT-FAMILY: 'Verdana','sans-serif'; BACKGROUND: #fff1d4; COLOR: black; FONT-SIZE: 9pt\"><\/SPAN><\/B><\/p>\n<p><SPAN style=\"FONT-FAMILY: 'Verdana','sans-serif'; BACKGROUND: white\">\u201cLa Regione \u00e8 attenta a ogni possibile soluzione che tuteli il patrimonio genetico e umano dell\u2019esperienza di SharDna\u201d. <\/SPAN><\/p>\n<p><SPAN style=\"FONT-FAMILY: 'Verdana','sans-serif'; BACKGROUND: white\">Lo comunicano gli assessori della Sanit\u00e0, Simona De Francisci, dell\u2019Industria Alessandra Zedda e della Programmazione Giorgio La Spisa all\u2019indomani delle lettere di licenziamento recapitate dal liquidatore ai dipendenti della societ\u00e0 di biotecnologie con sede nel parco scientifico di Pula.<\/SPAN><\/p>\n<p><SPAN style=\"FONT-FAMILY: 'Verdana','sans-serif'; BACKGROUND: white\">\u201cAbbiamo al vaglio tutte le ipotesi per non disperdere ci\u00f2 che \u00e8 stato costruito in circa dieci anni di attivit\u00e0 dai ricercatori\u201d, spiegano i tre assessori.<\/SPAN><\/SPAN><SPAN class=apple-converted-space><I><SPAN style=\"FONT-FAMILY: 'Verdana','sans-serif'; BACKGROUND: white; COLOR: black; mso-bidi-font-family: Arial\"> Com<\/SPAN><\/I><\/SPAN><\/p>\n<p><SPAN class=apple-converted-space><I><SPAN style=\"FONT-FAMILY: 'Verdana','sans-serif'; BACKGROUND: white; COLOR: black; mso-bidi-font-family: Arial\">&nbsp;<\/SPAN><\/I><\/SPAN><\/p>\n","protected":false},"excerpt":{"rendered":"<p>\u201cLa Regione \u00e8 attenta a ogni possibile soluzione che tuteli il patrimonio genetico e umano dell\u2019esperienza di SharDna\u201d. Lo comunicano gli assessori della Sanit\u00e0, Simona&#8230;<\/p>\n","protected":false},"author":2,"featured_media":0,"comment_status":"closed","ping_status":"closed","sticky":false,"template":"","format":"standard","meta":[],"categories":[49],"tags":[],"_links":{"self":[{"href":"https:\/\/www.cronacaonline.it\/index.php\/wp-json\/wp\/v2\/posts\/73795"}],"collection":[{"href":"https:\/\/www.cronacaonline.it\/index.php\/wp-json\/wp\/v2\/posts"}],"about":[{"href":"https:\/\/www.cronacaonline.it\/index.php\/wp-json\/wp\/v2\/types\/post"}],"author":[{"embeddable":true,"href":"https:\/\/www.cronacaonline.it\/index.php\/wp-json\/wp\/v2\/users\/2"}],"replies":[{"embeddable":true,"href":"https:\/\/www.cronacaonline.it\/index.php\/wp-json\/wp\/v2\/comments?post=73795"}],"version-history":[{"count":0,"href":"https:\/\/www.cronacaonline.it\/index.php\/wp-json\/wp\/v2\/posts\/73795\/revisions"}],"wp:attachment":[{"href":"https:\/\/www.cronacaonline.it\/index.php\/wp-json\/wp\/v2\/media?parent=73795"}],"wp:term":[{"taxonomy":"category","embeddable":true,"href":"https:\/\/www.cronacaonline.it\/index.php\/wp-json\/wp\/v2\/categories?post=73795"},{"taxonomy":"post_tag","embeddable":true,"href":"https:\/\/www.cronacaonline.it\/index.php\/wp-json\/wp\/v2\/tags?post=73795"}],"curies":[{"name":"wp","href":"https:\/\/api.w.org\/{rel}","templated":true}]}}