{"id":73767,"date":"2012-03-08T00:00:00","date_gmt":"2012-03-07T23:00:00","guid":{"rendered":"http:\/\/www.cronacaonline.it\/public\/content\/index.php\/2012\/03\/08\/interrogazione-del-deputato-europeo-uggias-idv-alla-commissione-europea-sul-caso-del-militare-sotto-processo-per-aver-rifiutato-le-vaccinazioni\/"},"modified":"2012-03-08T00:00:00","modified_gmt":"2012-03-07T23:00:00","slug":"interrogazione-del-deputato-europeo-uggias-idv-alla-commissione-europea-sul-caso-del-militare-sotto-processo-per-aver-rifiutato-le-vaccinazioni","status":"publish","type":"post","link":"https:\/\/www.cronacaonline.it\/index.php\/2012\/03\/08\/interrogazione-del-deputato-europeo-uggias-idv-alla-commissione-europea-sul-caso-del-militare-sotto-processo-per-aver-rifiutato-le-vaccinazioni\/","title":{"rendered":"Interrogazione del Deputato europeo Uggias (Idv) alla Commissione europea sul caso del militare sotto processo per aver rifiutato le vaccinazioni."},"content":{"rendered":"<p><SPAN style=\"mso-fareast-language: IT\">\"<SPAN style=\"mso-bidi-font-style: italic\">Le vaccinazioni obbligatorie per i militari che partono in missione<\/SPAN>&nbsp;- anche sul territorio italiano, n.d.r. -&nbsp;<SPAN style=\"mso-bidi-font-style: italic\">sono una barbarie che appartiene al passato. All'interno dell'Unione europea sono pochissimi gli Stati Membri che ancora impongono obbligatoriamente le vaccinazioni per i militari: in gran parte d'Europa, infatti,&nbsp;questo tipo di trattamento \u00e8 opzionale&nbsp;e&nbsp;lascia libert\u00e0 di scelta<\/SPAN>\". Questa la dichiarazione dell'Onorevole Giommaria Uggias, a seguito della presentazione di un'interrogazione alla Commissione europea sul caso del militare L. S., in servizio presso la base aerea di Decimonannu, accusato di \"disobbedienza aggravata e continuata\" per essersi rifiutato di sottoporsi alle vaccinazioni prima di una missione - in Italia -.<\/SPAN><\/p>\n<p><SPAN style=\"mso-fareast-language: IT\">Nell'interrogazione presentata dall'eurodeputato dipietrista si richiede alla Commissione europea e al Consiglio&nbsp;se il regime di vaccinazione obbligatoria imposto dallo Stato italiano sia compatibile con l'art. 3 della Carta dei Diritti Fondamentali dell'Unione Europea (\"diritto alla propria integrit\u00e0 fisica e psichica\"), anche alla luce del quadro normativo stabilito dall'art. 32 della Costituzione Italiana, secondo cui \"nessuno pu\u00f2 essere obbligato a un determinato trattamento sanitario se non per disposizione di Legge\" e che \"la Legge non pu\u00f2 in nessun caso violare i limiti imposti dal rispetto della persona umana\". Uggias richiede&nbsp;inoltre alla Commissione di intervenire con una richiesta di chiarimenti presso le autorit\u00e0 italiane in merito al vigente regime obbligatorio di vaccinazione per i militari.<\/SPAN><\/p>\n<p><SPAN style=\"mso-fareast-language: IT\">\"<SPAN style=\"mso-bidi-font-style: italic\">Il processo in cui \u00e8 coinvolto il militare L.S<\/SPAN>. - commenta Uggias -&nbsp;<SPAN style=\"mso-bidi-font-style: italic\">\u00e8 una palese violazione del diritto alla salute, dell'inviolabilit\u00e0 della persona e delle sue scelte. L'auspicio \u00e8 che la vicenda si rivolga in un nulla di fatto, e che il militare possa ritornare a fare il suo lavoro in tranquillit\u00e0. D'altra parte, il problema resta: \u00e8 davvero necessario imporre queste pesanti vaccinazioni, che spesso indeboliscono invece che rafforzare?<\/SPAN>\" Com<\/SPAN><\/p>\n<p><SPAN style=\"mso-fareast-language: IT\">&nbsp;<\/SPAN><\/p>\n","protected":false},"excerpt":{"rendered":"<p>&#8220;Le vaccinazioni obbligatorie per i militari che partono in missione&nbsp;&#8211; anche sul territorio italiano, n.d.r. &#8211;&nbsp;sono una barbarie che appartiene al passato. All&#8217;interno dell&#8217;Unione europea&#8230;<\/p>\n","protected":false},"author":2,"featured_media":0,"comment_status":"closed","ping_status":"closed","sticky":false,"template":"","format":"standard","meta":[],"categories":[49],"tags":[],"_links":{"self":[{"href":"https:\/\/www.cronacaonline.it\/index.php\/wp-json\/wp\/v2\/posts\/73767"}],"collection":[{"href":"https:\/\/www.cronacaonline.it\/index.php\/wp-json\/wp\/v2\/posts"}],"about":[{"href":"https:\/\/www.cronacaonline.it\/index.php\/wp-json\/wp\/v2\/types\/post"}],"author":[{"embeddable":true,"href":"https:\/\/www.cronacaonline.it\/index.php\/wp-json\/wp\/v2\/users\/2"}],"replies":[{"embeddable":true,"href":"https:\/\/www.cronacaonline.it\/index.php\/wp-json\/wp\/v2\/comments?post=73767"}],"version-history":[{"count":0,"href":"https:\/\/www.cronacaonline.it\/index.php\/wp-json\/wp\/v2\/posts\/73767\/revisions"}],"wp:attachment":[{"href":"https:\/\/www.cronacaonline.it\/index.php\/wp-json\/wp\/v2\/media?parent=73767"}],"wp:term":[{"taxonomy":"category","embeddable":true,"href":"https:\/\/www.cronacaonline.it\/index.php\/wp-json\/wp\/v2\/categories?post=73767"},{"taxonomy":"post_tag","embeddable":true,"href":"https:\/\/www.cronacaonline.it\/index.php\/wp-json\/wp\/v2\/tags?post=73767"}],"curies":[{"name":"wp","href":"https:\/\/api.w.org\/{rel}","templated":true}]}}