{"id":73766,"date":"2012-03-23T00:00:00","date_gmt":"2012-03-22T23:00:00","guid":{"rendered":"http:\/\/www.cronacaonline.it\/public\/content\/index.php\/2012\/03\/23\/eport-forum-annuale-sul-futuro-dei-porti-turistici-olbia-26-e-27-marzo-2012-museo-archeologico\/"},"modified":"2012-03-23T00:00:00","modified_gmt":"2012-03-22T23:00:00","slug":"eport-forum-annuale-sul-futuro-dei-porti-turistici-olbia-26-e-27-marzo-2012-museo-archeologico","status":"publish","type":"post","link":"https:\/\/www.cronacaonline.it\/index.php\/2012\/03\/23\/eport-forum-annuale-sul-futuro-dei-porti-turistici-olbia-26-e-27-marzo-2012-museo-archeologico\/","title":{"rendered":"ePort, Forum Annuale sul futuro dei porti turistici, Olbia, 26 e 27 marzo 2012 &#8211; Museo Archeologico."},"content":{"rendered":"<p><span style='mso-fareast-font-family: \"Arial Unicode MS\";'><\/span>&nbsp;<\/p>\n<p><span style='mso-fareast-font-family: \"Arial Unicode MS\";'>Nasce e-Port, il primo Forumannuale sui porti turistici del Mediterraneo. Un appuntamento pluriennale conl\u2019obiettivo di fare di Olbia - che in virt\u00f9 della propria storia e delleproprie caratteristiche \u00e9 stata pensata come naturale sede dell'evento - ilpunto di riferimento per lo studio, il dibattito e la progettualit\u00e0 sul futurodei porti turistici mediterranei. Il 26 e il 27 marzo, infatti, il Museo Archeologicodi Olbia sar\u00e0 teatro di un convegno ideato e organizzato da Promo P.A.Fondazione con il sostegno della Provincia di Olbia Tempio, della Citt\u00e0 diOlbia, della Camera di Commercio Nord di Sardegna, con il contributo di EnelGreen Power e con il patrocinio del Ministero dell'ambiente e della tutela delterritorio e del mare e del Ministero delle infrastrutture e Trasporti.<\/span><\/p>\n<p><span style='mso-fareast-font-family: \"Arial Unicode MS\";'>&nbsp;<\/span><\/p>\n<p><span style='mso-fareast-font-family: \"Arial Unicode MS\";'>\u201cLa Sardegna si caratterizzaper uno sviluppo costiero tra i pi\u00f9 importanti del Mediterraneo, con flussituristici legati ad un diportismo nautico in forte espansione\u201d, sottolinea FedeleSanciu, Presidente della Provincia di Olbia \u2013 Tempio, Ente di riferimento peril Forum.<span style=\"mso-spacerun: yes;\">&nbsp; <\/span>\u201cLo sviluppo dei portituristici e l\u2019indotto ad essi legato, associati al richiamo esercitato dallapresenza attrattiva di localit\u00e0 note in tutto il mondo, fanno di quest\u2019area illuogo ideale nel Mediterraneo per il potenziamento dell\u2019intero settore ed unadelle realt\u00e0 dell\u2019economia regionale in grado di poter creare maggioreoccupazione e crescita economica\u201d.<\/span><\/p>\n<p><span style='mso-fareast-font-family: \"Arial Unicode MS\";'>&nbsp;<\/span><\/p>\n<p><span style='mso-fareast-font-family: \"Arial Unicode MS\";'>\u201cQuesto processo dimiglioramento e di valorizzazione necessita dal punto di vista sia turisticoche ambientale, di essere sostenuto da un\u2019azione territoriale integrata ingrado di ridistribuire geograficamente e temporalmente i carichi stagionali,attraverso un processo di standardizzazione dei servizi di accoglienza,coinvolgendo anche realt\u00e0 minori. Ci\u00f2 premesso, la Provincia ha voluto ad Olbiaquesto Forum perch\u00e9 da esso scaturiscano attivit\u00e0 concrete per attuare nelcomparto, attraverso l\u2019adozione di politiche di governance integrata, economiedi scala che conducano progressivamente ad un beneficio diffuso e allacreazione di nuovi posti di lavoro\u201d. <\/span><\/p>\n<p><span style='mso-fareast-font-family: \"Arial Unicode MS\";'>&nbsp;<\/span><\/p>\n<p><span style='mso-fareast-font-family: \"Arial Unicode MS\";'>Sulla stessa linea, GiovanniAntonio Appeddu, Direttore Generale Provincia di Olbia Tempio: \u00abIl momentoeconomico e sociale<span style=\"mso-spacerun: yes;\">&nbsp; <\/span>obbliga anche leautonomie locali a favorire programmi strategici di ampio orizzonte. LaProvincia di Olbia Tempio, nell'ambito della missione che si \u00e9 data, vuolesvolgere una significativa attivit\u00e0 a sostegno della nautica da diporto,ritenuta come uno dei principali spazi operativi capaci di assicurare ricchezzae lavoro per tutta la Sardegna\u00bb.<\/span><\/p>\n<p><span style='mso-fareast-font-family: \"Arial Unicode MS\";'>&nbsp;<\/span><\/p>\n<p><span style='mso-fareast-font-family: \"Arial Unicode MS\";'>Anche \u00abL\u2019amministrazionecomunale - ha dichiarato il Sindaco di Olbia Gianni Giovannelli<span style=\"mso-spacerun: yes;\">&nbsp; <\/span>- \u00e8 stata particolarmente lieta di mettersi adisposizione della Fondazione Promo PA che ha proposto di organizzare nellanostra citt\u00e0 la prima edizione di &nbsp;ePort, forum annuale sul futuro deiporti turistici. Olbia, da decenni, ha scelto di privilegiare la sua vocazioneturistica; e l\u2019utilizzo, a questo scopo, della sua portualit\u00e0 non pu\u00f2 nonessere argomento d\u2019interesse per ogni amministratore pubblico e per i numerosisoggetti privati coinvolti. Auspico quindi che dalla due giorni di lavori,emerga l\u2019analisi della situazione generale del comparto unitamente allaevidenziazione delle sue enormi potenzialit\u00e0 con particolare riferimento allasituazione locale in vista dell\u2019adozione di importanti scelte strategiche\u00bb. <\/span><\/p>\n<p><span style='mso-fareast-font-family: \"Arial Unicode MS\";'>&nbsp;<\/span><\/p>\n<p><span style='mso-fareast-font-family: \"Arial Unicode MS\";'>Si tratter\u00e0 dunque di unadue giorni ricca di incontri, durante i quali, attraverso personaggi di grandelevatura del settore della nautica da diporto, si inaugurer\u00e0 il dibattitofocalizzando l'attenzione<span style=\"mso-spacerun: yes;\">&nbsp; <\/span>prima sulleipotesi di sviluppo della portualit\u00e0 gallurese (\u00abLa figura della Gallura \u00e8 dileadership in termini quantitativi e qualitativi sul mercato nazionale edinternazionale, un traino per tutta la filiera che si articola sull'Isola esulla quale \u00e8 giusto puntare visti i margini di crescita\u00bb, ha infattievidenziato Gavino Sini, Presidente della<span style=\"mso-spacerun: yes;\">&nbsp;<\/span>Camera di Commercio del Nord Sardegna) e poi, in una prospettiva pi\u00f9internazionale, sull\u2019evoluzione del porto turistico secondo il modello dell\u2019homeport. L'idea di tracciare un identikit<span style=\"mso-spacerun: yes;\">&nbsp;<\/span>di un porto di successo in grado di porsi come porta di accesso alterritorio circostante e di fornire servizi avanzati, la ricerca di azioni disviluppo e l'attenzione nei confronti dei criteri di sostenibilit\u00e0, saranno,dunque, tra i punti cardine della serie di incontri di e-Port. Quello dellanautica da diporto, del resto, \u00e9 uno dei settori in cui sarebbe pi\u00f9 strategicoinvestire, visto che la domanda<span style=\"mso-spacerun: yes;\">&nbsp; <\/span>\u00e8 digran lunga maggiore rispetto all\u2019offerta, come emerge dai datidell\u2019Osservatorio Nautico Nazionale \u2013 Turismo Diporto Territorio e dall\u2019analiside La Nautica in Cifre dell\u2019UCINA (l'Unione Nazionale dei Cantieri e delleIndustrie Nautiche e Affini). <\/span><\/p>\n<p><span style='mso-fareast-font-family: \"Arial Unicode MS\";'>&nbsp;<\/span><\/p>\n<p><span style='mso-fareast-font-family: \"Arial Unicode MS\";'>\u00abIl turismo nautico diqualit\u00e0 - spiega a tal proposito Fulvio Luise, Presidente Federagenti Yachting- \u00e9 sicuramente una grande opportunit\u00e0 per i territori costieri italiani chesono fra i pi\u00f9 belli al mondo. Mettendo a sistema le varie eccellenzaregionali, e predisponendo un offerta strutturata, \u00e9 infatti possibileaumentare il numero e la qualit\u00e0 delle risorse occupate sul territorio eredistribuire in loco ingenti flussi di ricchezza\u00bb. In questo senso, il Forumanalizzer\u00e0 proposte e buone pratiche sotto il profilo della nascita di nuoveprofessionalit\u00e0 e nuove competenze, dei servizi, dell\u2019ambiente, delle ricaduteoccupazionali ed economiche, del ruolo della Pubblica Amministrazione nellosviluppo del comparto, dei riflessi urbanistici e del marketing territorialeintegrato.<\/span><\/p>\n<p><span style='mso-fareast-font-family: \"Arial Unicode MS\";'>&nbsp;<\/span><\/p>\n<p><span style='mso-fareast-font-family: \"Arial Unicode MS\";'><span style=\"mso-spacerun: yes;\">&nbsp;<\/span>\u00abNel mio intervento \u2013 sosteiene Massimo Deiana,preside di Giurisprudenza all'Universit\u00e0 di Vagliati, Ordinario di Dirittodella navigazione - mi occuper\u00f2 di federalismo demaniale e di competenze sulleconcessioni demaniali turistiche, tracciando un quadro sulla governancemultilivello che investe la materia, dove si rinvengono competenze da statali ecomunali, in un coacervo di piani e di distinguo spesso non facilmente distinguibili.Si ripercorrer\u00e0 dunque la storia degli assetti di competenze sul demaniomarittimo a scopo turistico ricreativo, cercando di individuare gli scenarifuturi\u00bb. Com<\/span><\/p>\n<p><span style='mso-fareast-font-family: \"Arial Unicode MS\";'>&nbsp;<\/span><\/p>\n","protected":false},"excerpt":{"rendered":"<p>&nbsp; Nasce e-Port, il primo Forumannuale sui porti turistici del Mediterraneo. Un appuntamento pluriennale conl\u2019obiettivo di fare di Olbia &#8211; che in virt\u00f9 della propria&#8230;<\/p>\n","protected":false},"author":2,"featured_media":0,"comment_status":"closed","ping_status":"closed","sticky":false,"template":"","format":"standard","meta":[],"categories":[49],"tags":[],"_links":{"self":[{"href":"https:\/\/www.cronacaonline.it\/index.php\/wp-json\/wp\/v2\/posts\/73766"}],"collection":[{"href":"https:\/\/www.cronacaonline.it\/index.php\/wp-json\/wp\/v2\/posts"}],"about":[{"href":"https:\/\/www.cronacaonline.it\/index.php\/wp-json\/wp\/v2\/types\/post"}],"author":[{"embeddable":true,"href":"https:\/\/www.cronacaonline.it\/index.php\/wp-json\/wp\/v2\/users\/2"}],"replies":[{"embeddable":true,"href":"https:\/\/www.cronacaonline.it\/index.php\/wp-json\/wp\/v2\/comments?post=73766"}],"version-history":[{"count":0,"href":"https:\/\/www.cronacaonline.it\/index.php\/wp-json\/wp\/v2\/posts\/73766\/revisions"}],"wp:attachment":[{"href":"https:\/\/www.cronacaonline.it\/index.php\/wp-json\/wp\/v2\/media?parent=73766"}],"wp:term":[{"taxonomy":"category","embeddable":true,"href":"https:\/\/www.cronacaonline.it\/index.php\/wp-json\/wp\/v2\/categories?post=73766"},{"taxonomy":"post_tag","embeddable":true,"href":"https:\/\/www.cronacaonline.it\/index.php\/wp-json\/wp\/v2\/tags?post=73766"}],"curies":[{"name":"wp","href":"https:\/\/api.w.org\/{rel}","templated":true}]}}