{"id":73765,"date":"2012-03-08T00:00:00","date_gmt":"2012-03-07T23:00:00","guid":{"rendered":"http:\/\/www.cronacaonline.it\/public\/content\/index.php\/2012\/03\/08\/una-libreria-e-due-chitarre-per-il-reparto-spdc-di-sassari-potranno-essere-acquistate-grazie-alla-donazione-dellassociazione-mogli-dei-medici-italiani\/"},"modified":"2012-03-08T00:00:00","modified_gmt":"2012-03-07T23:00:00","slug":"una-libreria-e-due-chitarre-per-il-reparto-spdc-di-sassari-potranno-essere-acquistate-grazie-alla-donazione-dellassociazione-mogli-dei-medici-italiani","status":"publish","type":"post","link":"https:\/\/www.cronacaonline.it\/index.php\/2012\/03\/08\/una-libreria-e-due-chitarre-per-il-reparto-spdc-di-sassari-potranno-essere-acquistate-grazie-alla-donazione-dellassociazione-mogli-dei-medici-italiani\/","title":{"rendered":"Una libreria e due chitarre per il reparto Spdc di Sassari: Potranno essere acquistate grazie alla donazione dell\u2019associazione mogli dei medici italiani."},"content":{"rendered":"<p><SPAN style=\"FONT-FAMILY: 'Verdana','sans-serif'\">Una donazione che \u00e8 segno di attenzione e generosit\u00e0 per i degenti del Servizio psichiatria, diagnosi e cura dell\u2019ospedale di Sassari. E\u2019 quanto fatto dall\u2019Associazione mogli dei medici italiani, sezione di Sassari, che ieri ha consegnato al direttore del reparto Spdc dell\u2019ospedale di Sassari, Donato Posadinu, un assegno di 700 euro per l\u2019acquisto di materiale utile ai degenti.<\/SPAN><\/p>\n<p><SPAN style=\"FONT-FAMILY: 'Verdana','sans-serif'\">&nbsp;<\/SPAN><\/p>\n<p><SPAN style=\"FONT-FAMILY: 'Verdana','sans-serif'\">Ieri a consegnare l\u2019assegno al direttore della struttura erano presenti la presidente della Sezione sassarese dell\u2019Ammi, Pasquita Fois, la vicepresidente Angela Sannia e il tesoriere dell\u2019associazione Maria Paola Scanu.<\/SPAN><\/p>\n<p><SPAN style=\"FONT-FAMILY: 'Verdana','sans-serif'\">&nbsp;<\/SPAN><\/p>\n<p><SPAN style=\"FONT-FAMILY: 'Verdana','sans-serif'; mso-bidi-font-family: Arial\">\u00ab<\/SPAN><SPAN style=\"FONT-FAMILY: 'Verdana','sans-serif'\">I fondi \u2013 ha spiegato Pasquita Fois \u2013 sono stati raccolti nella giornata della Pentolaccia, durante la frittellata e favata organizzata dalla nostra associazione in un locale al centro storico di Sassari. I nostri concittadini si sono dimostrati molto sensibili all\u2019iniziativa<\/SPAN><SPAN style=\"FONT-FAMILY: 'Verdana','sans-serif'; mso-bidi-font-family: Arial\">\u00bb<\/SPAN><SPAN style=\"FONT-FAMILY: 'Verdana','sans-serif'\">.<\/SPAN><\/p>\n<p><SPAN style=\"FONT-FAMILY: 'Verdana','sans-serif'\">&nbsp;<\/SPAN><\/p>\n<p><SPAN style=\"FONT-FAMILY: 'Verdana','sans-serif'; mso-bidi-font-family: Arial\">\u00ab<\/SPAN><SPAN style=\"FONT-FAMILY: 'Verdana','sans-serif'\">\u00c8 nostra intenzione realizzare una biblioteca che \u2013 ha spiegato Donato Posadinu \u2013 sar\u00e0 posizionata nel soggiorno, all\u2019interno del reparto. Stiamo pensando di acquistare anche alcuni libri e due chitarre che potranno essere utilizzate dagli utenti<\/SPAN><SPAN style=\"FONT-FAMILY: 'Verdana','sans-serif'; mso-bidi-font-family: Arial\">\u00bb<\/SPAN><SPAN style=\"FONT-FAMILY: 'Verdana','sans-serif'\">.<\/SPAN><\/p>\n<p><SPAN style=\"FONT-FAMILY: 'Verdana','sans-serif'; mso-bidi-font-family: Arial\">\u00ab<\/SPAN><SPAN style=\"FONT-FAMILY: 'Verdana','sans-serif'\">Inoltre \u2013 ha aggiunto il direttore del reparto Spdc \u2013 invitiamo, quanti vogliano aderire, a donare un libro che non leggono pi\u00f9 o che hanno conservato in soffitta, portandolo o direttamente in reparto o alla direzione del dipartimento di salute mentale, in via Amendola<\/SPAN><SPAN style=\"FONT-FAMILY: 'Verdana','sans-serif'; mso-bidi-font-family: Arial\">\u00bb<\/SPAN><SPAN style=\"FONT-FAMILY: 'Verdana','sans-serif'\">.<\/SPAN><\/p>\n<p><SPAN style=\"FONT-FAMILY: 'Verdana','sans-serif'\">&nbsp;<\/SPAN><\/p>\n<p><SPAN style=\"FONT-FAMILY: 'Verdana','sans-serif'\">I libri, preferibilmente d\u2019avventura e narrativa, saranno inventariati e catalogati quindi resi disponibili ai degenti.<\/SPAN><\/p>\n<p><SPAN style=\"FONT-FAMILY: 'Verdana','sans-serif'\">&nbsp;<\/SPAN><\/p>\n<p><SPAN style=\"FONT-FAMILY: 'Verdana','sans-serif'\">L\u2019Ammi di Sassari, attiva in citt\u00e0 da oltre 30 anni, gi\u00e0 in altre occasioni si \u00e8 distinta contribuendo con alcune donazioni per i reparti dell\u2019ospedale di viale Italia: si segnalo le ultime in ordine di tempo, quelle realizzate per la Stroke unit, un elettrocardiografo a sei canali e due monitor. Com<\/SPAN><\/p>\n<p><SPAN style=\"FONT-FAMILY: 'Verdana','sans-serif'\">&nbsp;<\/SPAN><\/p>\n","protected":false},"excerpt":{"rendered":"<p>Una donazione che \u00e8 segno di attenzione e generosit\u00e0 per i degenti del Servizio psichiatria, diagnosi e cura dell\u2019ospedale di Sassari. E\u2019 quanto fatto dall\u2019Associazione&#8230;<\/p>\n","protected":false},"author":2,"featured_media":0,"comment_status":"closed","ping_status":"closed","sticky":false,"template":"","format":"standard","meta":[],"categories":[49],"tags":[],"_links":{"self":[{"href":"https:\/\/www.cronacaonline.it\/index.php\/wp-json\/wp\/v2\/posts\/73765"}],"collection":[{"href":"https:\/\/www.cronacaonline.it\/index.php\/wp-json\/wp\/v2\/posts"}],"about":[{"href":"https:\/\/www.cronacaonline.it\/index.php\/wp-json\/wp\/v2\/types\/post"}],"author":[{"embeddable":true,"href":"https:\/\/www.cronacaonline.it\/index.php\/wp-json\/wp\/v2\/users\/2"}],"replies":[{"embeddable":true,"href":"https:\/\/www.cronacaonline.it\/index.php\/wp-json\/wp\/v2\/comments?post=73765"}],"version-history":[{"count":0,"href":"https:\/\/www.cronacaonline.it\/index.php\/wp-json\/wp\/v2\/posts\/73765\/revisions"}],"wp:attachment":[{"href":"https:\/\/www.cronacaonline.it\/index.php\/wp-json\/wp\/v2\/media?parent=73765"}],"wp:term":[{"taxonomy":"category","embeddable":true,"href":"https:\/\/www.cronacaonline.it\/index.php\/wp-json\/wp\/v2\/categories?post=73765"},{"taxonomy":"post_tag","embeddable":true,"href":"https:\/\/www.cronacaonline.it\/index.php\/wp-json\/wp\/v2\/tags?post=73765"}],"curies":[{"name":"wp","href":"https:\/\/api.w.org\/{rel}","templated":true}]}}