{"id":73745,"date":"2012-03-07T00:00:00","date_gmt":"2012-03-06T23:00:00","guid":{"rendered":"http:\/\/www.cronacaonline.it\/public\/content\/index.php\/2012\/03\/07\/finanziaria-regione-sardegna-comitato-master-and-back-plaude-per-lo-stanziamento-di-215-milioni-a-favore-del-programma-master-and-back\/"},"modified":"2012-03-07T00:00:00","modified_gmt":"2012-03-06T23:00:00","slug":"finanziaria-regione-sardegna-comitato-master-and-back-plaude-per-lo-stanziamento-di-215-milioni-a-favore-del-programma-master-and-back","status":"publish","type":"post","link":"https:\/\/www.cronacaonline.it\/index.php\/2012\/03\/07\/finanziaria-regione-sardegna-comitato-master-and-back-plaude-per-lo-stanziamento-di-215-milioni-a-favore-del-programma-master-and-back\/","title":{"rendered":"Finanziaria Regione Sardegna &#8211; Comitato Master and Back plaude per lo stanziamento di 21,5 milioni a favore del programma Master and Back."},"content":{"rendered":"<p><SPAN style=\"FONT-FAMILY: 'Verdana','sans-serif'\">In una nota, il Comitato Master and Back, afferma: \u201cDesideriamo esprimere tutta la nostra gratitudine al Consiglio Regionale della Sardegna per aver creduto nelle potenzialit\u00e0 di tanti giovani laureati sardi.<\/SPAN><\/p>\n<p><SPAN style=\"FONT-FAMILY: 'Verdana','sans-serif'\">Per pi\u00f9 di 300 giovani sardi da<SPAN class=apple-converted-space><SPAN style=\"COLOR: black\">&nbsp;<\/SPAN><\/SPAN><A href=\"javascript:mails_addtocal(1,%22oggi%22);\"><SPAN style=\"COLOR: #ff8000\">oggi<\/SPAN><\/A><SPAN class=apple-converted-space><SPAN style=\"COLOR: black\">&nbsp;<\/SPAN><\/SPAN>si volta pagina, si inizia a lavorare. Per 200 neolaureati inizia una grande avventura: si parte con la valigia piena di sogni per apprendere ed imparare in tutto il mondo.<\/SPAN><\/p>\n<p><SPAN style=\"FONT-FAMILY: 'Verdana','sans-serif'\">\u00c8 stata una battaglia lunga, difficile, piena di delusioni e interminabili attese. In tutti questi mesi abbiamo scelto la via del dialogo e ci siamo posti nei confronti delle istituzioni come parte sociale attiva, desiderosi di collaborare e dare un contributo alla macchina organizzativa, per essere partecipi di un percorso di crescita della nostra amata terra.<\/SPAN><\/p>\n<p><SPAN style=\"FONT-FAMILY: 'Verdana','sans-serif'\">Dialogo \u2013 si legge ancora nel documento del Comitato - non significa piegarsi alle logiche di una politica ormai stanca e obsoleta, ma vuol dire saper ascoltare ed essere in grado di rispondere, di far valere le proprie idee, a qualsiasi costo. Ed \u00e8 quello che abbiamo provato a fare. Senza guardare il colore politico dell\u2019interlocutore, abbiamo parlato ai cervelli e ai cuori degli amministratori e dei dirigenti sardi, abbiamo insistito affinch\u00e9 la politica agisse con lungimiranza, e ci mostrasse il suo volto umano.<\/SPAN><\/p>\n<p><SPAN style=\"FONT-FAMILY: 'Verdana','sans-serif'\">E ora che la battaglia pi\u00f9 grande \u00e8 stata vinta -<SPAN style=\"mso-spacerun: yes\">&nbsp; <\/SPAN>si legge - non possiamo fare a meno di continuare il dialogo per un rapido ed efficiente utilizzo dei fondi appena stanziati. Lotteremo ancora contro chi sostiene che il Master and Back sia un fallimento. Contro chi lo reputa un \u201c<I>parcheggio<\/I>\u201d e non un\u2019occasione unica di crescita e di lavoro. Contro la lentezza burocratica, contro tutti quelli che ci diranno ancora che sognare un futuro migliore \u00e8 una perdita di tempo. Gli ultimi dati Istat rivelano che sono disoccupati 39 sardi su cento nella fascia d\u2019et\u00e0 tra i 15 e i 24 anni e 21 su cento dai 25 ai 34 anni. L\u2019entit\u00e0 della crisi non lascia dubbi sulla necessit\u00e0 di intraprendere immediatamente iniziative volte a migliorare le competenze dei giovani sardi, affinch\u00e9 possano affermarsi stabilmente nel mercato del lavoro. Il Master and Back pu\u00f2 e deve essere lo strumento per il raggiungimento di questo obiettivo, lo dimostrano le politiche attuate in paesi quali Cina e India. Anch\u2019essi hanno mandato in giro per il mondo - nelle migliori universit\u00e0 del mondo - i loro giovani, che ora stanno tornando e stanno traghettando le loro patrie verso lo sviluppo, la competitivit\u00e0 e la prosperit\u00e0.<\/SPAN><\/p>\n<p><SPAN style=\"FONT-FAMILY: 'Verdana','sans-serif'\">Investire sui giovani e sulle loro menti \u2013 conclude la nota del Comitato Master and Back - non pu\u00f2 che portare benefici sull\u2019intera collettivit\u00e0.<\/SPAN><\/p>\n<p><SPAN style=\"FONT-FAMILY: 'Verdana','sans-serif'\">La storia dimostra che le poche volte che i sardi si sono uniti per fare una lotta comune hanno sempre vinto. Perci\u00f2 non aspettiamo che arrivi un altro Amsicora o un altro Vincenzo Sulis a spronarci e guidarci.<\/SPAN><\/p>\n<p><SPAN style=\"FONT-FAMILY: 'Verdana','sans-serif'; BACKGROUND: white\">Infatti, siamo riusciti a realizzare quello che ci \u00e8 stato prospettato impossibile da raggiungere, e sar\u00e0 con questa costanza e con questa la forza che continueremo ad affrontare le sfide e gli ostacoli della nostra difficile generazione\u201d.<\/SPAN> Com<\/SPAN><\/p>\n","protected":false},"excerpt":{"rendered":"<p>In una nota, il Comitato Master and Back, afferma: \u201cDesideriamo esprimere tutta la nostra gratitudine al Consiglio Regionale della Sardegna per aver creduto nelle potenzialit\u00e0&#8230;<\/p>\n","protected":false},"author":2,"featured_media":0,"comment_status":"closed","ping_status":"closed","sticky":false,"template":"","format":"standard","meta":[],"categories":[49],"tags":[],"_links":{"self":[{"href":"https:\/\/www.cronacaonline.it\/index.php\/wp-json\/wp\/v2\/posts\/73745"}],"collection":[{"href":"https:\/\/www.cronacaonline.it\/index.php\/wp-json\/wp\/v2\/posts"}],"about":[{"href":"https:\/\/www.cronacaonline.it\/index.php\/wp-json\/wp\/v2\/types\/post"}],"author":[{"embeddable":true,"href":"https:\/\/www.cronacaonline.it\/index.php\/wp-json\/wp\/v2\/users\/2"}],"replies":[{"embeddable":true,"href":"https:\/\/www.cronacaonline.it\/index.php\/wp-json\/wp\/v2\/comments?post=73745"}],"version-history":[{"count":0,"href":"https:\/\/www.cronacaonline.it\/index.php\/wp-json\/wp\/v2\/posts\/73745\/revisions"}],"wp:attachment":[{"href":"https:\/\/www.cronacaonline.it\/index.php\/wp-json\/wp\/v2\/media?parent=73745"}],"wp:term":[{"taxonomy":"category","embeddable":true,"href":"https:\/\/www.cronacaonline.it\/index.php\/wp-json\/wp\/v2\/categories?post=73745"},{"taxonomy":"post_tag","embeddable":true,"href":"https:\/\/www.cronacaonline.it\/index.php\/wp-json\/wp\/v2\/tags?post=73745"}],"curies":[{"name":"wp","href":"https:\/\/api.w.org\/{rel}","templated":true}]}}