{"id":73742,"date":"2012-03-21T00:00:00","date_gmt":"2012-03-20T23:00:00","guid":{"rendered":"http:\/\/www.cronacaonline.it\/public\/content\/index.php\/2012\/03\/21\/lavori-consiglio-regionale-sardegna-approvati-due-ordini-del-giorno-sulla-vertenza-sardegna\/"},"modified":"2012-03-21T00:00:00","modified_gmt":"2012-03-20T23:00:00","slug":"lavori-consiglio-regionale-sardegna-approvati-due-ordini-del-giorno-sulla-vertenza-sardegna","status":"publish","type":"post","link":"https:\/\/www.cronacaonline.it\/index.php\/2012\/03\/21\/lavori-consiglio-regionale-sardegna-approvati-due-ordini-del-giorno-sulla-vertenza-sardegna\/","title":{"rendered":"Lavori consiglio regionale Sardegna, approvati due ordini del giorno sulla Vertenza Sardegna."},"content":{"rendered":"<p>La seduta si \u00e8 aperta sotto la presidenza della PresidenteClaudia Lombardo. All\u2019ordine del giorno le risultanze dell\u2019assemblea degliStati generali. Nella seduta di sabato erano stati presentati&nbsp;due ordinidel giorno, un altro \u00e8 stato aggiunto questo pomeriggio da Dedoni ma \u00e8 statodichiarato inammissibile. <\/p>\n<p>Questo odg impegnava il Presidente della giunta, delConsiglio e il Presidente della Prima commissione a garantire ogni possibileazione rivolta a portare quanto prima in discussione in Aula le proposte dilegge sulla Assemblea Costituente del Popolo sardo, nella consapevolezza \u2013 silegge nell\u2019odg che soltanto tale via di partecipazione popolare pu\u00f2 consentireil pieno coinvolgimento dei cittadini sardi nelle scelte sui nuovi rapporti trala Sardegna, l\u2019Italia e l\u2019Europa.<\/p>\n<p>Il primo odg (Giacomo Sanna e pi\u00f9) deliberadi avviare una sessione speciale di lavori, aperta ai rappresentanti dellasociet\u00e0 sarda,&nbsp;&nbsp;per la verifica dei rapporti di lealt\u00e0 istituzionale,sociale e civile con lo Stato che dovrebbero essere a fondamento della presenzae della permanenza della regione Sardegna nella Repubblica italiana. Il secondo(Uras e pi\u00f9) impegna il presidente della Regione ad agire sul pianoistituzionale, politico e legale, senza indugio alcuno, per far applicare l\u2019articolo8 dello statuto e per la convocazione di una \u201cconferenza di serviziodeliberativa e perch\u00e9 provveda a promuovere una giornata di protesta contro ilgoverno e a sostegno della vertenza Sardegna\u201d dichiarandosi sin d\u2019oradisponibile a rassegnare le dimissioni in caso di mancata positiva rispostadello Stato.<\/p>\n<p>Sull\u2019odg n. 1 \u00e8 intervenuto Maninchedda (Psd\u2019az)&nbsp;&nbsp;che hainvitato i colleghi a votare a favore in quanto si chiede di sottoporre adiscussione la qualit\u00e0 dei rapporti tra la Regione e lo Stato italiano. Noi - hadetto -&nbsp;&nbsp;non capiamo eventuali voti contrari perch\u00e9 si tratta di unaquestione di lealt\u00e0 nei rapporti istituzionali.<\/p>\n<p>Dedoni&nbsp;&nbsp;(Riformatori sardi) ha detto chedichiarare inammissibile l\u2019odg presentato dai Riformatori \u00e8 stato un abbaglio.&nbsp;&nbsp;<\/p>\n<p>Carlo Sechi (Misto) ha annunciato il voto a favore perch\u00e9&nbsp;&nbsp;questoordine del giorno fa appello alla lealt\u00e0 istituzionale.<\/p>\n<p>Bruno (Pd) ha espresso il voto contrario all\u2019ordine delgiorno. Questo Consiglio regionale - ha detto -&nbsp;&nbsp;\u00e8 incapace di farele riforme. Dobbiamo fare un processo costituente, un\u2019altra sessione di lavorinon serve a niente.<\/p>\n<p>Planetta (Psd\u2019az) ha detto che questo odg \u00e8 un\u2019opportunit\u00e0per scrivere una pagina di speranza. Basta - ha affermato - con la strategiadello struzzo, che mette la testa sotto la sabbia aspettando che passi latempesta. Dobbiamo far crescere la dialettica e confrontarci oltre glischieramenti. Chiediamo una riflessione sul nostro ordine del giorno.<\/p>\n<p>Porcu (Pd) ha detto che voter\u00e0 contro ma haauspicato&nbsp;&nbsp;che l\u2019odg sia sospeso. Quello che chiede l\u2019odg - hasostenuto - \u00e8 legittimo perch\u00e9 chiede di verificare i rapporti con lo Stato.Dunque, il tema posto \u00e8 legittimo. L\u2019odg per\u00f2 \u00e8 stato presentato in un momentosbagliato.<\/p>\n<p>Vargiu (Riformatori) ha annunciato il voto contrario. Lasessione di lavori che questo odg evoca \u2013 ha aggiunto \u2013 c\u2019\u00e8 gi\u00e0stata.&nbsp;&nbsp;Se i lavori restano dentro il palazzo si produrr\u00e0 un altrodocumento inutile. Noi dobbiamo far parlare i cittadini sardi, questo Consiglioha parlato anche troppo e non fa altro che litigare.<\/p>\n<p>Ben Amara (Misto) ha detto che questo odg si inserisce nellaparte del non detto.&nbsp;La lealt\u00e0 non c\u2019\u00e8 quindi - ha aggiunto - inutileverificarla. Ma se anche dovessimo verificarla e poi constatiamo che la lealt\u00e0non c\u2019\u00e8. Cosa facciamo?&nbsp;&nbsp;Io voter\u00f2 contro - ha concluso - perch\u00e9 l\u2019odg\u00e8 poco chiaro.<\/p>\n<p>Salis (Idv)&nbsp;&nbsp;ha detto di aver sottoscritto questoodg perch\u00e9 la lealt\u00e0 dello Stato nei confronti della Sardegna non \u00e8 chiara.<\/p>\n<p>Giacomo Sanna (Psd\u2019az) ha annunciato il voto a favore e hadetto che con questo odg si vogliono verificare i rapporti di lealt\u00e0istituzionale sociale e civile con lo Stato. La sessione speciale dei lavorideve essere fatta fuori dal palazzo, in mezzo alla gente. Il confronto all\u2019esterno\u00e8 la cosa pi\u00f9 salutare che il Consiglio possa fare.<\/p>\n<p>Uras (Misto) ha sottolineato di essere fedele allaCostituzione repubblicana. Questa fedelt\u00e0 \u00e8 stata giurata anche da chi per\u00f2 poinon rispetta il dettato costituzionale. Questo odg dovrebbe essere votato datutti. Perch\u00e9 la verifica dei rapporti Stato - Regione deve essere fatto.<\/p>\n<p>Campus (Pdl) ha criticato l\u2019odg e ha detto che non si pu\u00f2aprire un conflitto con l\u2019universo mondo, con il Presidente della Repubblica,con il Parlamento, con la magistratura, con la Pubblica amministrazione. L\u2019odg\u00e8 poco chiaro.<\/p>\n<p>Steri (Udc) ha asserito che il gruppo di cui fa parte \u00e8 perl\u2019unit\u00e0 della Repubblica ed \u00e8 a&nbsp;&nbsp;favore dell\u2019Assemblea costituente.Il fatto di essere per l\u2019unit\u00e0 dell\u2019Italia non vuol dire per\u00f2 che non si possaaprire una verifica sugli atti dello Stato.&nbsp;&nbsp;Decidere come dobbiamoconfrontarci cementa l\u2019unit\u00e0,&nbsp;&nbsp;per questo abbiamo sottoscritto questoodg.&nbsp;&nbsp;Steri ha annunciato il voto favorevole del gruppo Udc- Fli.<\/p>\n<p>Mario Diana (Pdl) ha detto che il gruppo Pdl voter\u00e0 intotale autonomia. Personalmente \u2013 ha aggiunto -&nbsp;&nbsp;voter\u00f2 contro perch\u00e9questo odg non ottiene nessun risultato e mina l\u2019unit\u00e0 della Repubblica. Inquesto momento \u00e8 indispensabile far capire che siamo tutti uniti e non abbiamol\u2019idea di separarci dalla Sardegna.<\/p>\n<p>Capelli (Misto) ha ricordato che ha apposto la sua firma all\u2019odge che voter\u00e0 a favore.<\/p>\n<p>Pittalis (Pdl), annunciando il voto a favore, ha dettoche&nbsp;&nbsp;&nbsp;in questo odg non c\u2019\u00e8 nulla di eversivo, anzi \u00e8 uncontributo al superamento di una situazione di subordinazione della Sardegnanei rapporti con lo Stato.<\/p>\n<p>Soru (Pd) voter\u00e0 contro l\u2019odg. . Se non&nbsp;&nbsp;c\u2019\u00e8 lealecollaborazione bisogna far ricorso alla Corte Costituzionale. Stiamo perdendodi vista il vero punto:&nbsp;&nbsp;non dipende certo dalla slealecollaborazione dello Stato nei confronti della Sardegna il disavanzo in sanit\u00e0,la perdita dei fondi europei ecc.<\/p>\n<p>Giampaolo Diana (Pd)&nbsp;&nbsp;&nbsp;voter\u00e0 contro. Perch\u00e9\u2013 ha chiesto -&nbsp;&nbsp;in questi tre anni non si \u00e8 assunta una decisionedirompente contro il governo Berlusconi che ha vessato la nostra isola? Iocredo sia sbagliato ricorrere ad un\u2019altra sessione specialeche&nbsp;&nbsp;mortifica il ruolo e la funzione del Consiglioregionale.&nbsp;&nbsp;Non possiamo mettere in discussione - ha concluso - l\u2019unit\u00e0di questo Paese.<\/p>\n<p>L\u2019ordine del giorno n. 1 \u00e8 stato approvato (Presenti 58,votanti 56, s\u00ec 31, no 25, 2 astenuti). <\/p>\n<p>Via libera anche all\u2019odg&nbsp;&nbsp;n.2&nbsp;&nbsp;(Presenti 59, votanti 56, s\u00ec 53, no 3, 3 astenuti).<\/p>\n<p>Approvata Proposta di legge&nbsp;&nbsp;n. 371&nbsp;(SannaPaolo Terzo ed altri) Disposizioni per l'individuazione dei territori agricoliricadenti in aree montane o di collina delimitate ai sensi dell'articolo 15della legge 27 dicembre 1977, n. 984 (Coordinamento degli interventi pubblicinei settori della zootecnia, della produzione ortoflorofrutticola, dellaforestazione, dell'irrigazione, delle grandi colture mediterranee, dellavitivinicoltura e della utilizzazione e valorizzazione dei terreni collinari emontani.<\/p>\n<p>La proposta di legge \u00e8 stata illustrata da Paolo Terzo Sanna(Pdl) che ha spiegato che&nbsp;anche la Sardegna, cos\u00ec come il Friuli VeneziaGiulia e la Provincia autonoma di Trento, possa procedere, nell'esercizio dellapropria competenza legislativa primaria in materia di agricoltura, adisciplinare la procedura finalizzata ad individuare i territori agricoliricadenti in aree montane o di collina all'interno del proprio territorio. Ladefinizione di tali aree comporta l\u2019esenzione&nbsp;&nbsp;dall'impostamunicipale propria.<\/p>\n<p>E poi intervenuto Lotto (Pd) che ha sottolineato ledifficolt\u00e0 in cui versa l\u2019agricoltura sarda. E\u2019 giusto che il Consiglio costituiscale condizioni affinch\u00e9 in Sardegna si possa usufruire delle agevolazioni di chiopera in zone svantaggiate. Condividiamo questa iniziativa nata in commissione.Ecco perch\u00e9 voteremo a favore.<\/p>\n<p>Solinas (Pd) ha espresso il voto a favore, ha ricordato l\u2019unanimit\u00e0in&nbsp;&nbsp;commissione e&nbsp;&nbsp;ha auspicato l\u2019approvazionein&nbsp;&nbsp;tempi rapidi.<\/p>\n<p>La legge \u00e8 stata approvata&nbsp;&nbsp;(presenti 57, votanti55, s\u00ec 55, 3 astenuti).<\/p>\n<p>Approvata la mozione 168 (COSSA e pi\u00f9) sulle iniziative daassumere per evitare che gli istituti penitenziari sardi siano trasformati incarceri di massima sicurezza e per consentire l'immediata consegna dei lavoriper la realizzazione di quattro nuove strutture penitenziarie. <\/p>\n<p>La mozione \u00e8 stata illustrata da Cossa (Riformatori) che hadetto di essere preoccupato che in Sardegna arrivino detenuti sottoposti alregime del 41 bis. Anche l\u2019ultimo atto del&nbsp;&nbsp;ministro della giustiziache vuole creare Alcatraz all\u2019Asinara&nbsp;&nbsp;o bracci di&nbsp;&nbsp;sicurezzanelle nuove carceri di Cagliari e Sassari dimostra che il&nbsp;&nbsp;governovuole liberarsi a spese della Sardegna, di un problema. Se verranno ammessi inSardegna centinaia di detenuti ex 41 bis la nostra isola diventer\u00e0il&nbsp;&nbsp;ricettacolo di un flusso di&nbsp;&nbsp;persone legatead&nbsp;&nbsp;ambienti pericolosi.&nbsp;&nbsp;Questa mozione tende \u2013 haconcluso - a chiedere chiarezza al governo nazionale.<\/p>\n<p>Sulla mozione sono intervenuti: Cucca (Pd) che ha detto dicondividere la mozione di cui \u00e8 firmatario. La Regione - ha aggiunto - deve farsentire la sua voce decisa,&nbsp;invito i colleghi a votarecompatti;&nbsp;Pittalis (Pdl) che ha illustrato la situazione del sistemacarcerario sardo: 12 istituti con una&nbsp;&nbsp;capienza di&nbsp;&nbsp;1970detenuti. I reclusi sono&nbsp;&nbsp;2283, di cui 1000 stranieri, 630 in attesasentenza definitiva, 1627 condannati. L\u2019esponente del Pdl ha auspicato l\u2019elezionedel&nbsp;&nbsp;garante dei detenuti; Capelli (Misto) ha sottolineato che \u00e8 gi\u00e0stabilito che il nuovo carcere di Nuoro sar\u00e0&nbsp;&nbsp;dedicato ai detenutidel 41 bis. Il governo italiano - ha concluso Capelli -&nbsp;&nbsp;si ricordache \u00e8 necessario investire in Sardegna solo&nbsp;&nbsp;quando c\u2019\u00e8 da far pagareil conto in materia di carceri, di rifiuti, di&nbsp;&nbsp;scorie nucleari. Lunesu(Pdl) ha parlato dei gravi disagi che esistono nelle carceri sarde e haauspicato l\u2019elezione del garante dei detenuti. Planetta (Psd\u2019az) ha ricordatoche il 6 marzo 2012 aveva&nbsp;&nbsp;presentato un\u2019interpellanza su questoproblema. Planetta ha sollecitato la giunta a controllare gli appalti per lacostruzione di&nbsp;&nbsp;alcune strutture penitenziarie sarde. Sechi(Misto)&nbsp;&nbsp;ha detto che \u00e8 una mozione di civilt\u00e0. Oggi - ha aggiunto-&nbsp;&nbsp;nessuno vuole le carceri, sono come i depuratori o i campirom.&nbsp;&nbsp;Questa mozione \u00e8 una conseguenza del dramma che vive questaterra che \u00e8 completamente emarginata fino a quando lo Stato non si ricorda diutilizzarla magari per mandarci i detenuti pericolosi.&nbsp;&nbsp;I carceratisottoposti al regime del 41 bis devono stare fuori dalla Sardegna. Per lagiunta \u00e8 intervenuto l\u2019assessore ai lavori pubblici Angela Nonnis che ha dettoche la mozione deve essere accolta e votata. Cossa ha preso atto dellacondivisione totale dell\u2019Aula ai temi della mozione e ha auspicato che lagiunta esprima particolare attenzione al problema.<\/p>\n<p>Planetta (Psd\u2019az), per dichiarazione di voto,&nbsp;&nbsp;haribadito alla giunta la necessit\u00e0 della verifica dei contratti d\u2019appalto per lacostruzione delle strutture carcerarie soprattutto quella di Sassari.<\/p>\n<p>Uras ( Misto) ha chiesto il voto elettronico palese.<\/p>\n<p>Amadu (PDl), presidente della Seconda commissione,&nbsp;&nbsp;haassicurato massima attenzione e ha parlato di&nbsp;&nbsp;\u201cpasso falsodel&nbsp;&nbsp;ministro\u201d sull\u2019Asinara.<\/p>\n<p>La mozione 168 \u00e8 stata approvata all\u2019unanimit\u00e0. I lavoririprenderanno domani mattina alle&nbsp;&nbsp;ore 10&nbsp;&nbsp;con iprovvedimenti sulla sanit\u00e0. Red<\/p>\n","protected":false},"excerpt":{"rendered":"<p>La seduta si \u00e8 aperta sotto la presidenza della PresidenteClaudia Lombardo. All\u2019ordine del giorno le risultanze dell\u2019assemblea degliStati generali. Nella seduta di sabato erano stati&#8230;<\/p>\n","protected":false},"author":2,"featured_media":0,"comment_status":"closed","ping_status":"closed","sticky":false,"template":"","format":"standard","meta":[],"categories":[49],"tags":[],"_links":{"self":[{"href":"https:\/\/www.cronacaonline.it\/index.php\/wp-json\/wp\/v2\/posts\/73742"}],"collection":[{"href":"https:\/\/www.cronacaonline.it\/index.php\/wp-json\/wp\/v2\/posts"}],"about":[{"href":"https:\/\/www.cronacaonline.it\/index.php\/wp-json\/wp\/v2\/types\/post"}],"author":[{"embeddable":true,"href":"https:\/\/www.cronacaonline.it\/index.php\/wp-json\/wp\/v2\/users\/2"}],"replies":[{"embeddable":true,"href":"https:\/\/www.cronacaonline.it\/index.php\/wp-json\/wp\/v2\/comments?post=73742"}],"version-history":[{"count":0,"href":"https:\/\/www.cronacaonline.it\/index.php\/wp-json\/wp\/v2\/posts\/73742\/revisions"}],"wp:attachment":[{"href":"https:\/\/www.cronacaonline.it\/index.php\/wp-json\/wp\/v2\/media?parent=73742"}],"wp:term":[{"taxonomy":"category","embeddable":true,"href":"https:\/\/www.cronacaonline.it\/index.php\/wp-json\/wp\/v2\/categories?post=73742"},{"taxonomy":"post_tag","embeddable":true,"href":"https:\/\/www.cronacaonline.it\/index.php\/wp-json\/wp\/v2\/tags?post=73742"}],"curies":[{"name":"wp","href":"https:\/\/api.w.org\/{rel}","templated":true}]}}