{"id":73724,"date":"2012-03-08T00:00:00","date_gmt":"2012-03-07T23:00:00","guid":{"rendered":"http:\/\/www.cronacaonline.it\/public\/content\/index.php\/2012\/03\/08\/finanziaria-la-spisa-dai-sindacati-critica-distruttiva-senza-proposte-in-consiglio-modifiche-che-hanno-inciso-per-l12-per-cento\/"},"modified":"2012-03-08T00:00:00","modified_gmt":"2012-03-07T23:00:00","slug":"finanziaria-la-spisa-dai-sindacati-critica-distruttiva-senza-proposte-in-consiglio-modifiche-che-hanno-inciso-per-l12-per-cento","status":"publish","type":"post","link":"https:\/\/www.cronacaonline.it\/index.php\/2012\/03\/08\/finanziaria-la-spisa-dai-sindacati-critica-distruttiva-senza-proposte-in-consiglio-modifiche-che-hanno-inciso-per-l12-per-cento\/","title":{"rendered":"Finanziaria. La Spisa: &#8220;Dai sindacati critica distruttiva senza proposte, in Consiglio modifiche che hanno inciso per l\u20191,2 per cento\u201d"},"content":{"rendered":"<p><\/SPAN><SPAN style=\"FONT-FAMILY: 'Verdana','sans-serif'; mso-fareast-language: IT\">\u201cI limiti della classe politica nazionale e regionale sono noti a tutti e personalmente non faccio fatica ad a ammetterlo. Mi dispiace che altrettanta lealt\u00e0 non sia manifestata n\u00e9 dai consiglieri di minoranza, n\u00e9 dai segretari regionali del sindacato sardo che fanno parte entrambi della cosiddetta classe dirigente. Da mesi continuano a ripetere le stesse frasi di critica distruttiva senza una chiara proposta alternativa. Sembra di ascoltare un vecchio giradischi con la puntina che insiste sempre sullo stesso solco e ripete all'infinito lo stesso pezzo. Affermare che la Manovra sia stata risanata e rianimata dai gruppi di opposizione, \u00e8 solo una sterile autocelebrazione. Le effettive modifiche apportate in Commissione e in Consiglio, certamente non tutte migliorative, raggiungono al massimo la somma di 85 milioni rispetto al totale del Bilancio che \u00e8 di 7 miliardi di euro, incidendo appena per l\u20191,2 per cento\u201d. &nbsp;<\/SPAN><\/p>\n<p><SPAN style=\"FONT-FAMILY: 'Verdana','sans-serif'; mso-fareast-language: IT\">E\u2019 quanto affermato dal vice presidente della Regione e assessore della Programmazione, Giorgio La Spisa, replicando alle dichiarazioni dei sindacati e dell\u2019opposizione in merito alla Finanziaria 2012. &nbsp;<\/SPAN><\/p>\n<p><SPAN style=\"FONT-FAMILY: 'Verdana','sans-serif'; mso-fareast-language: IT\">\u201cMa \u00e8 possibile \u2013 riprende La Spisa - che i 108 milioni per le opere cantierabili non siano una risposta alla crisi dell\u2019edilizia? E\u2019 Possibile che i 39 milioni per i cantieri comunali e i 19 per quelli verdi di cui 9 a favore di comuni che subiscono rilevanti diminuzioni di occupati nel settore e i 34 milioni per il Piano Lavoro non siano politiche per il lavoro? E\u2019 possibile che i 34 milioni per la Ricerca e i 21,5 milioni per il Programma Master and Back non siano un investimento per i nostri giovani? E\u2019 possibile che i 30 milioni per le imprese artigiane e i 66 per l\u2019abbattimento degli interessi per le imprese turistiche, commerciali, artigiane e dell\u2019industria e per il Fondo di Rischio dei Consorzi Fidi non siano una risposta decisa al rilancio e all\u2019accesso al credito delle imprese? E\u2019 possibile che i 176,9 milioni per il fondo per le persone non autosufficienti non rappresenti un sostegno forte?<\/SPAN><\/p>\n<p><SPAN style=\"FONT-FAMILY: 'Verdana','sans-serif'; mso-fareast-language: IT\">\u201cE\u2019 possibile dunque - conclude il vice presidente della Regione \u2013 che quello che fa questa Giunta sia sempre e comunque tutto sbagliato?\u201d<\/SPAN><\/p>\n","protected":false},"excerpt":{"rendered":"<p>\u201cI limiti della classe politica nazionale e regionale sono noti a tutti e personalmente non faccio fatica ad a ammetterlo. Mi dispiace che altrettanta lealt\u00e0&#8230;<\/p>\n","protected":false},"author":2,"featured_media":0,"comment_status":"closed","ping_status":"closed","sticky":false,"template":"","format":"standard","meta":[],"categories":[49],"tags":[],"_links":{"self":[{"href":"https:\/\/www.cronacaonline.it\/index.php\/wp-json\/wp\/v2\/posts\/73724"}],"collection":[{"href":"https:\/\/www.cronacaonline.it\/index.php\/wp-json\/wp\/v2\/posts"}],"about":[{"href":"https:\/\/www.cronacaonline.it\/index.php\/wp-json\/wp\/v2\/types\/post"}],"author":[{"embeddable":true,"href":"https:\/\/www.cronacaonline.it\/index.php\/wp-json\/wp\/v2\/users\/2"}],"replies":[{"embeddable":true,"href":"https:\/\/www.cronacaonline.it\/index.php\/wp-json\/wp\/v2\/comments?post=73724"}],"version-history":[{"count":0,"href":"https:\/\/www.cronacaonline.it\/index.php\/wp-json\/wp\/v2\/posts\/73724\/revisions"}],"wp:attachment":[{"href":"https:\/\/www.cronacaonline.it\/index.php\/wp-json\/wp\/v2\/media?parent=73724"}],"wp:term":[{"taxonomy":"category","embeddable":true,"href":"https:\/\/www.cronacaonline.it\/index.php\/wp-json\/wp\/v2\/categories?post=73724"},{"taxonomy":"post_tag","embeddable":true,"href":"https:\/\/www.cronacaonline.it\/index.php\/wp-json\/wp\/v2\/tags?post=73724"}],"curies":[{"name":"wp","href":"https:\/\/api.w.org\/{rel}","templated":true}]}}