{"id":73685,"date":"2012-03-04T00:00:00","date_gmt":"2012-03-03T23:00:00","guid":{"rendered":"http:\/\/www.cronacaonline.it\/public\/content\/index.php\/2012\/03\/04\/giallo-sulla-liberazione-di-rossella-urru-in-mali\/"},"modified":"2012-03-04T00:00:00","modified_gmt":"2012-03-03T23:00:00","slug":"giallo-sulla-liberazione-di-rossella-urru-in-mali","status":"publish","type":"post","link":"https:\/\/www.cronacaonline.it\/index.php\/2012\/03\/04\/giallo-sulla-liberazione-di-rossella-urru-in-mali\/","title":{"rendered":"Giallo sulla liberazione di Rossella Urru in Mali"},"content":{"rendered":"<p><SPAN style=\"FONT-FAMILY: 'Verdana','sans-serif'\">Giornata di angoscia e speranza per i familiari di Rossella Urru, la cooperante sarda di 30 anni sequestrata lo scorso 23 ottobre in un campo profughi dell'Algeria sud-occidentale insieme a due colleghi spagnoli, un uomo e una donna.<\/SPAN><\/p>\n<p><SPAN style=\"FONT-FAMILY: 'Verdana','sans-serif'\">Il tam tam che annunciava la sua liberazione e' partito poco dopo mezzogiorno, rilanciato prima da fonti sempre anonime di Paesi africani (un giornale senegalese, un sito mauritano), poi anche dalla questura di Oristano e da familiari a Samugheo, paese d'origine della giovane.<\/SPAN><\/p>\n<p><SPAN style=\"FONT-FAMILY: 'Verdana','sans-serif'\">Ma mentre le fonti africane fornivano un numero sempre maggiore di dettagli, non arrivavano conferme ufficiali e, due ore dopo la prima notizia, i clacson delle auto hanno smesso di suonare a festa a Samugheo. Poi, al telefono, i genitori hanno detto di non aver avuto alcuna conferma della liberazione dall'Unit\u00e0 di crisi della Farnesina.<\/SPAN><\/p>\n<p><SPAN style=\"FONT-FAMILY: 'Verdana','sans-serif'\">E un po' pi\u00f9 tardi uno zio della giovane ha spiegato: \"Stamattina pensavamo di poter festeggiare ... Invece non abbiamo nessuna conferma ... non sappiamo ancora assolutamente nulla\". A chiudere ogni speculazione, almeno per oggi, l'inviato speciale per le emergenze del ministero degli Esteri, Margherita Boniver. \"Fino a quando la notizia della liberazione di Rossella Urru - ha detto - non sar\u00e0 verificata, e le verifiche sono in corso, essa va considerata come non veritiera\".<\/SPAN><\/p>\n<p><SPAN style=\"FONT-FAMILY: 'Verdana','sans-serif'\">Nel frattempo siti di media africani continuavano comunque a fornire dettagli: la Urru - dicevano - e' stata liberata in cambio della scarcerazione di un militante tuareg dell'organizzazione Aqmi ('al Qaida nel Maghreb islamico'), l'ala nordafricana delle rete terroristica, ed e' in viaggio verso Bamako, capitale del Mali. Con lei - aggiungevano - e' stato rilasciato anche un gendarme mauritano sequestrato un paio di mesi dopo Rossella Urru, il 20 dicembre, vicino al confine con il Mali.<\/SPAN><\/p>\n<p><SPAN style=\"FONT-FAMILY: 'Verdana','sans-serif'\">Nulla sui due spagnoli, un uomo e una donna, che erano stati catturati con lei nel campo profughi saharawi di Rabuni il 23 ottobre e che con lei erano ripresi nel video di rivendicazione reso pubblico il 12 dicembre 2011 da un gruppo dissidente di Aqmi, il 'Movimento Unicit\u00e0 e Guerra Santa nell'Africa Occidentale', proprio a dimostrazione del fatto che i tre cooperanti erano nelle loro mani.<\/SPAN><\/p>\n<p><SPAN style=\"FONT-FAMILY: 'Verdana','sans-serif'\">In serata per\u00f2 l'attenzione dei media si \u00e8 spostata proprio sui due spagnoli, Ainhoa Fernandez de Rincon e Enric Gonyalons: secondo fonti maliane \u00e8 arrivato a Bamako il ministro degli esteri spagnolo Jos\u00e8 Manuel Garcia-Margallo. A Madrid bocche cucite ma le fonti anonime del Paese africano garantiscono che il ministro \"\u00e8 venuto per occuparsi della sorte dei suoi due compatrioti\".<\/SPAN><\/p>\n<p><SPAN style=\"FONT-FAMILY: 'Verdana','sans-serif'\">Le stesse fonti avevano poco prima riferito all'agenzia di stampa France Presse che per i tre rapiti i sequestratori avevano chiesto un riscatto di 30 milioni di euro, 10 a testa. Quando non si sa. A chi non \u00e8 precisato. A fine giornata la situazione di Rossella Urru resta un'incognita. I familiari ribadiscono delusione e speranza; negli uffici stampa dei politici \u00e8 calato il silenzio; sul Twitt di gioia di Fiorello (hip, hip, Urru') resta il buio di una nuova attesa.<\/SPAN><\/p>\n","protected":false},"excerpt":{"rendered":"<p>Giornata di angoscia e speranza per i familiari di Rossella Urru, la cooperante sarda di 30 anni sequestrata lo scorso 23 ottobre in un campo&#8230;<\/p>\n","protected":false},"author":2,"featured_media":0,"comment_status":"closed","ping_status":"closed","sticky":false,"template":"","format":"standard","meta":[],"categories":[49],"tags":[],"_links":{"self":[{"href":"https:\/\/www.cronacaonline.it\/index.php\/wp-json\/wp\/v2\/posts\/73685"}],"collection":[{"href":"https:\/\/www.cronacaonline.it\/index.php\/wp-json\/wp\/v2\/posts"}],"about":[{"href":"https:\/\/www.cronacaonline.it\/index.php\/wp-json\/wp\/v2\/types\/post"}],"author":[{"embeddable":true,"href":"https:\/\/www.cronacaonline.it\/index.php\/wp-json\/wp\/v2\/users\/2"}],"replies":[{"embeddable":true,"href":"https:\/\/www.cronacaonline.it\/index.php\/wp-json\/wp\/v2\/comments?post=73685"}],"version-history":[{"count":0,"href":"https:\/\/www.cronacaonline.it\/index.php\/wp-json\/wp\/v2\/posts\/73685\/revisions"}],"wp:attachment":[{"href":"https:\/\/www.cronacaonline.it\/index.php\/wp-json\/wp\/v2\/media?parent=73685"}],"wp:term":[{"taxonomy":"category","embeddable":true,"href":"https:\/\/www.cronacaonline.it\/index.php\/wp-json\/wp\/v2\/categories?post=73685"},{"taxonomy":"post_tag","embeddable":true,"href":"https:\/\/www.cronacaonline.it\/index.php\/wp-json\/wp\/v2\/tags?post=73685"}],"curies":[{"name":"wp","href":"https:\/\/api.w.org\/{rel}","templated":true}]}}