{"id":73683,"date":"2012-03-22T00:00:00","date_gmt":"2012-03-21T23:00:00","guid":{"rendered":"http:\/\/www.cronacaonline.it\/public\/content\/index.php\/2012\/03\/22\/consiglio-sardegna-mozioni-e-interpellanze-in-materia-energetica-caso-eon\/"},"modified":"2012-03-22T00:00:00","modified_gmt":"2012-03-21T23:00:00","slug":"consiglio-sardegna-mozioni-e-interpellanze-in-materia-energetica-caso-eon","status":"publish","type":"post","link":"https:\/\/www.cronacaonline.it\/index.php\/2012\/03\/22\/consiglio-sardegna-mozioni-e-interpellanze-in-materia-energetica-caso-eon\/","title":{"rendered":"Consiglio Sardegna, mozioni e interpellanze in materia energetica: Caso Eon"},"content":{"rendered":"<p>Dopo il tema della Sanit\u00e0 l\u2019Aula hapoi affrontato l\u2019interpellanza 173, illustrata da Giacomo Sanna(Psd'Az), sugli impianti fotovoltaici che Eon avrebbe dovutocostruire nell\u2019area industriale di Porto Torres. Oggi si sta invecebruciando olio combustibile e direi che \u00e8 il caso di capire qualisono i presupposti dell\u2019intesa con Eon e che cosa ha davverorealizzato fino a oggi. Temiamo che Eon realizzi i suoi cento ettaridi fotovoltaico senza realizzare invece il quinto gruppo. Per Lotto(Pd) &#8220;niente si \u00e8 fatto affinch\u00e9 questi impianti a Porto Torresvenissero realizzati. Vogliamo prestare attenzione puntuale pergarantire una ricaduta seria ai territori?&nbsp;Oggi guadagnanosempre gli stessi, le grandi imprese.<\/p>\n<p>Anche Manichedda (Psd'Az) \u00e8intervenuto per dire: C\u2019\u00e8 un complesso di inferiorit\u00e0 rispetto aquesti grandi gruppi, diciamolo. Il problema \u00e8 culturale in questesituazioni inedite e occorre avere chiaro con quali strumenti sicondizionano le trattative, nell\u2019interesse pubblico. Quando uno deidue contraenti viola l\u2019accordo di programma, beh, si pu\u00f2 risolverel\u2019accordo di programma. E poi, nel frattempo, Arpas e commissioneAmbiente del Consiglio regionale vadano e verifichino che cosa staaccadendo. Se Eon vuole andare via, venda pure e chi viene rispetti ipatti. Anche Cugusi (Sel) \u00e8 intervenuto a favore ricordando ifallimenti industriali del passato, anche recente.<\/p>\n<p>Per Diana (Pdl) \u201csiamo davanti a unagrande impresa, una tra le pi\u00f9 grandi al mondo. Dobbiamo ricattareEon o dobbiamo avere in mente una strategia perch\u00e9 resti inSardegna? Non so cosa si siano detti il presidente Cappellacci e ivertici di Eon. Credo che il Consiglio faccia bene a votare questamozione ma l\u2019importante \u00e8 che ognuno sappia cosa stiamo facendo.<\/p>\n<p>Favorevole anche Giampaolo Diana (Pdl):&#8220;Parliamo di questi temi in un\u2019aula semivuota e spiace, perch\u00e9siamo in assenza di uno strumento di programmazione energetica.L\u2019oratore ha parlato dei vantaggi del carbone e dell\u2019industria inSardegna domandando all\u2019assessore se risponda al vero che ilpresidente della Regione ha concesso una ulteriore proroga a Eon.<\/p>\n<p>E' intervenuta anche l\u2019assessoraAlessandra Zedda, rappresentante dell\u2019Industria, che ha detto:\u201cSono informata sull\u2019incontro col presidente Cappellacci e se \u00e8vero che il problema rimane \u00e8 stato il ministero dello Sviluppoeconomico a concedere la proroga a dicembre 2011 concedendo altri 18mesi. Dunque, la nuova scadenza \u00e8 al 3 settembre 2013.<\/p>\n<p>Nei prossimi giorni dovremo trovare unmomento di confronto con Eon, perch\u00e9 rispetti gli accordi e perch\u00e9eviti i licenziamenti che ha annunciato. Dunque, i punti indicatinella mozione sono condivisibili ma chiedo una breve sospensione perpoter vedere la parte della mozione relativa alla necessit\u00e0 di unnuovo accordo con Eon. Accogliendo la richiesta, il presidente Cossaha sospeso per pochi minuti la seduta.<\/p>\n<p>Incontro decisivo a Palazzo Chigi:Monti, eviteremo abusi ma no al reintegro<\/p>\n<p>Sull'articolo 18 il premier Mario Montisi \u00e8 limitato a dire che sui licenziamenti economici \"ci sar\u00e0una formulazione per evitare gli abusi\". Lo riferiscono Cgil eCisl su Twitter. Ma sulla flessibilit\u00e0 in uscita il testo finale siconoscer\u00e0 \"solo domani in Cdm\". E' quanto avrebbe detto ilministro del Welfare, Elsa Fornero, alle parti sociali secondo quantotwitta la Cisl.<\/p>\n<p>\"Abbiamo percepito diffusapreoccupazione sull'art. 18 - ha detto Monti - su cui vorreirassicurare tutti\". Il premier ha rassicurato le parti socialisulla preoccupazione che il binario economico possa celare abusi perlicenziamenti discriminatori.<\/p>\n<p>La&nbsp;riunione di oggi a PalazzoChigi con la parti sociali&nbsp;\u00e8 per&nbsp;la definitiva messa apunto del documento ma Monti ha gi\u00e0 annunciato che non ne uscirannoancora i testi.&nbsp;<\/p>\n<p>Resta il nodo dei no ad una riforma chearriva con l'opposizione della Cgil, che ne critica fortementel'impianto e promette battaglia. Critiche anche dal Pd, il cuisegretario ha espresso riserve. A Bersani replica il segretario PdlAlfano: non accetteremo, dice, una riformetta al ribasso.<\/p>\n<p>Il premier sostiene di aver percepito\"una diffusa preoccupazione\" sulla quale vuole \"rassicuraretutti\". \"Stiamo cambiando la norma sui licenziamentieconomici\" afferma una nota del segretario generale della Cisl,Raffaele Bonanni che, in risposta al responsabile economico del PdFassina, spiega che anche la Cisl vuole il cambiamento ed \"\u00e8quello su cui ci stiamo impegnando in queste ore\". Com<\/p>\n<p><\/p>\n","protected":false},"excerpt":{"rendered":"<p>Dopo il tema della Sanit\u00e0 l\u2019Aula hapoi affrontato l\u2019interpellanza 173, illustrata da Giacomo Sanna(Psd&#8217;Az), sugli impianti fotovoltaici che Eon avrebbe dovutocostruire nell\u2019area industriale di Porto&#8230;<\/p>\n","protected":false},"author":2,"featured_media":0,"comment_status":"closed","ping_status":"closed","sticky":false,"template":"","format":"standard","meta":[],"categories":[49],"tags":[],"_links":{"self":[{"href":"https:\/\/www.cronacaonline.it\/index.php\/wp-json\/wp\/v2\/posts\/73683"}],"collection":[{"href":"https:\/\/www.cronacaonline.it\/index.php\/wp-json\/wp\/v2\/posts"}],"about":[{"href":"https:\/\/www.cronacaonline.it\/index.php\/wp-json\/wp\/v2\/types\/post"}],"author":[{"embeddable":true,"href":"https:\/\/www.cronacaonline.it\/index.php\/wp-json\/wp\/v2\/users\/2"}],"replies":[{"embeddable":true,"href":"https:\/\/www.cronacaonline.it\/index.php\/wp-json\/wp\/v2\/comments?post=73683"}],"version-history":[{"count":0,"href":"https:\/\/www.cronacaonline.it\/index.php\/wp-json\/wp\/v2\/posts\/73683\/revisions"}],"wp:attachment":[{"href":"https:\/\/www.cronacaonline.it\/index.php\/wp-json\/wp\/v2\/media?parent=73683"}],"wp:term":[{"taxonomy":"category","embeddable":true,"href":"https:\/\/www.cronacaonline.it\/index.php\/wp-json\/wp\/v2\/categories?post=73683"},{"taxonomy":"post_tag","embeddable":true,"href":"https:\/\/www.cronacaonline.it\/index.php\/wp-json\/wp\/v2\/tags?post=73683"}],"curies":[{"name":"wp","href":"https:\/\/api.w.org\/{rel}","templated":true}]}}