{"id":73680,"date":"2012-03-23T00:00:00","date_gmt":"2012-03-22T23:00:00","guid":{"rendered":"http:\/\/www.cronacaonline.it\/public\/content\/index.php\/2012\/03\/23\/al-via-da-theandric-teatro-nonviolento-stagione-teatrale-bambini-2012-ahimsa\/"},"modified":"2012-03-23T00:00:00","modified_gmt":"2012-03-22T23:00:00","slug":"al-via-da-theandric-teatro-nonviolento-stagione-teatrale-bambini-2012-ahimsa","status":"publish","type":"post","link":"https:\/\/www.cronacaonline.it\/index.php\/2012\/03\/23\/al-via-da-theandric-teatro-nonviolento-stagione-teatrale-bambini-2012-ahimsa\/","title":{"rendered":"Al via da Theandric Teatro Nonviolento: Stagione teatrale bambini 2012 &#8220;Ahimsa&#8221;."},"content":{"rendered":"<p>Scrittureteatrali dedicate a bambini ed adolescenti, workshop, laboratori in lingua,corsi sul movimento creativo e ancora spazi dove poter disegnare, scriverepensieri e poesie<span style=\"mso-spacerun: yes;\">&nbsp; <\/span>tutto questo legato daun solido filo rosso: l'educazione alla scelta non violenta. <\/p>\n<p>Si delineaancora una volta come un preciso percorso didattico-educativo<span style=\"mso-spacerun: yes;\">&nbsp; <\/span>incentrato sulle molteplici possibilit\u00e0offerte dal linguaggio del teatro, la proposta della compagnia Theandric che siaffida al profondo concetto della parola sanscrita \"Ahimsa\"-nell'antica lingua delle religioni Induiste e Buddhiste significa appunto privodi violenza - per dare il titolo alla rassegna Stagione teatrale bambini 2012. <\/p>\n<p>Il sipariosull'iniziativa ideata dalla compagnia fondata dall\u2019attrice e regista MariaVirginia Siriu e distribuito in una serie di appuntamenti in programma dal 24marzo al 16 giugno, si apre con lo spettacolo<span style=\"mso-spacerun: yes;\">&nbsp;<\/span>\"Kirik\u00f9, Karab\u00e0 e il maleficio della spina\" in scena sabato 24marzo alle ore 17:30, al Teatro Auditorium di Via G.Cantore <st1:metricconverter w:st=\"on\" ProductID=\"62 a\">62 a<\/st1:metricconverter> Pirri.<span style=\"mso-spacerun: yes;\">&nbsp; <\/span><\/p>\n<p>In questoadattamento tratto dall'omonimo lungometraggio d'animazione di Michel Ocelotper la regia di Maria Virginia Siriu, Theandric Teatro offre ai piccolispettatori una rilettura sulla natura umana e va ad affrontare i temi cardinedel pensiero nonviolento, la natura mutevole delle cose e la possibilit\u00e0 diessere tratti in errore suddividendo il mondo e le persone in rigide categorie:buono\/ cattivo, bene\/male.<span style=\"mso-spacerun: yes;\">&nbsp;&nbsp;&nbsp;&nbsp;&nbsp; <\/span><\/p>\n<p>Interpretato sulpalcoscenico da Valentina Sulas e Nicola Michele con indovinelli, filastrocche,maschere variopinte (di Walter Ecca) e le voci fuori campo di Maria VirginiaSiriu e Pierpaolo Erriu,<span style=\"mso-spacerun: yes;\">&nbsp; <\/span>lo spettacolo\"Kirik\u00f9, Karab\u00e0 e il maleficio della spina\" in un coinvolgimentocontinuo e accattivante, aiuta a svelare ai piccoli spettatori ma anche agliadulti, quanto dietro una persona all'apparenza malvagia, in realt\u00e0 si possacelare un cuore puro e meritevole d'amore. <span style=\"mso-spacerun: yes;\">&nbsp;<\/span>In questa escursione tra mondo fiabesco erealt\u00e0, la prova di ci\u00f2 la fornisce l'audace Kirik\u00f9, che invece di uccidere laperfida Karab\u00e0, decide di salvarla perch\u00e9 la scopre cos\u00ec<span style=\"mso-spacerun: yes;\">&nbsp; <\/span>diversa da come era stata descritta tanto dainnamorarsene.<span style=\"mso-spacerun: yes;\">&nbsp; <\/span><\/p>\n<p>Lo spettacolocon la drammaturgia di Francesco Melis e Maria Virginia Siriu, la scenografia acura di Matteo Curreli e le luci di Lorenzo Perra sar\u00e0 riproposto in replica domenica25 marzo alle ore 17:30 sempre al Teatro di Via Generale Cantore. <\/p>\n<p>Il calendariodella Stagione teatrale bambini 2012 \"Ahimsa\" riprende un settimanadopo,<span style=\"mso-spacerun: yes;\">&nbsp; <\/span>il 31 marzo e in replica il 1aprile, con il reading <span style=\"mso-fareast-font-family: Arial;\">\u201cIlmeraviglioso Mago di Oz\u201d <\/span>con Valentina Sulas <span style=\"mso-fareast-font-family: Arial;\">(voce recitante) e Andrea Congia (chitarra).<span style=\"mso-spacerun: yes;\">&nbsp; <\/span><\/span><\/p>\n<p><span style=\"mso-fareast-font-family: Arial;\">&nbsp;<\/span><\/p>\n<p><span style=\"mso-fareast-font-family: Arial;\">Diretto da <\/span>Regia Maria VirginiaSiriu<span style=\"mso-fareast-font-family: Arial;\">, lo spettacolo, \u00e8 <\/span>unametafora della comunicazione dei Mass Media con i suoi modelli stereotipati edegenerativi che sono proposti ai giovani.<span style=\"mso-spacerun: yes;\">&nbsp;<\/span>In questa storia ciascuno dei personaggi \u00e8 alla ricerca del grande Mago,il quale in realt\u00e0 si rivela un grande illusionista e imbroglione. Pernascondere la sua vera identit\u00e0 agli abitanti della Citt\u00e0 di Smeraldo, \u00e8costretto ad inventare stratagemmi come far indossare a quanti lo incontranodegli occhiali con le lenti colorate.<span style=\"mso-spacerun: yes;\">&nbsp; <\/span><\/p>\n<p>A fare dacontorno ai primi due appuntamenti dopo ogni recita i bambini hanno lapossibilit\u00e0 di frequentare l'Area \u201cCre-attivi\u201d, in questo spazio appositoriservato al pubblico pi\u00f9 giovane, potranno scrivere le loro poesie, pensieri efare disegni che verranno raccolti nel Libro \u201cAhimsa, diario della stagioneprimavera <st1:metricconverter w:st=\"on\" ProductID=\"2012\u201d\">2012\u201d<\/st1:metricconverter>consultabile dal pubblico nel foyer del teatro. <\/p>\n<p>Il percorsopropedeutico di educazione alla nonviolenza proposto da Theandric Teatroriprende dopo una breve pausa di quattro giorni, con un programma tuttoincentrato sui laboratori e workshop. L\u2019avvio \u00e8 gioved\u00ec 5 aprile con\"Vivere la nonviolenza\" workshop gratuito riservato ai bambini dai6<span style=\"mso-spacerun: yes;\">&nbsp; <\/span>ai 10 anni e condotto da MariaVirginia Siriu e Valentina Sulas in cui verranno sperimentate in prima personadai bambini le principali attivit\u00e0 svolte in un laboratorio di teatrononviolento. <\/p>\n<p>Si prosegue sabato16 giugno con il secondo laboratorio in calendario dal titolo \u201cMovimentocreativo e danza contemporanea\u201d per questa attivit\u00e0 sempre ad ingresso gratuito,<span style=\"mso-spacerun: yes;\">&nbsp; <\/span>\u00e8 previsto un saggio finale con gli allievidel corso di teatro contemporaneo. <span style=\"mso-spacerun: yes;\">&nbsp;<\/span><\/p>\n<p>Conclude laserie della Stagione teatrale bambini 2012 \"Ahimsa\" <span style=\"mso-spacerun: yes;\">&nbsp;<\/span>il corso per bambini \"English isFun!\" in programma da met\u00e0 giugno a fine luglio.<span style=\"mso-spacerun: yes;\">&nbsp; <\/span>In quest\u2019ambito grazie all'insegnantemadrelingua l'inglese, ai giovanissimi corsisti viene proposto l'inglese comeuna seconda lingua madre e si cerca di coinvolgerli utilizzando tecnicheteatrali. Grazie alla magia del linguaggio corporeo i piccoli allievi, in unasorta di gioco continuo e coinvolgimento empatico con l'insegnante, apprendonoparole, verbi e frasi sconosciute. <\/p>\n<p>L\u2019ingressoall\u2019intera manifestazione \u00e8 gratuito, eccetto per gli spettacoli teatrali del24\/25<span style=\"mso-spacerun: yes;\">&nbsp; <\/span>marzo e 31 marzo 1 aprile per iquali \u00e8 previsto un biglietto di 6 euro per ciascuna rappresentazione pi\u00f9 unamerenda biologica. <\/p>\n<p><span style=\"mso-fareast-font-family: Arial;\">&nbsp;<\/span><\/p>\n<p>Lamanifestazione \u00e8 realizzata con il sostegno della Presidenza della RegioneAutonoma della Sardegna, <st1:personname w:st=\"on\" ProductID=\"la Provincia\">la Provincia<\/st1:personname> e il Comune di Cagliari.<\/p>\n","protected":false},"excerpt":{"rendered":"<p>Scrittureteatrali dedicate a bambini ed adolescenti, workshop, laboratori in lingua,corsi sul movimento creativo e ancora spazi dove poter disegnare, scriverepensieri e poesie&nbsp; tutto questo legato&#8230;<\/p>\n","protected":false},"author":2,"featured_media":0,"comment_status":"closed","ping_status":"closed","sticky":false,"template":"","format":"standard","meta":[],"categories":[49],"tags":[],"_links":{"self":[{"href":"https:\/\/www.cronacaonline.it\/index.php\/wp-json\/wp\/v2\/posts\/73680"}],"collection":[{"href":"https:\/\/www.cronacaonline.it\/index.php\/wp-json\/wp\/v2\/posts"}],"about":[{"href":"https:\/\/www.cronacaonline.it\/index.php\/wp-json\/wp\/v2\/types\/post"}],"author":[{"embeddable":true,"href":"https:\/\/www.cronacaonline.it\/index.php\/wp-json\/wp\/v2\/users\/2"}],"replies":[{"embeddable":true,"href":"https:\/\/www.cronacaonline.it\/index.php\/wp-json\/wp\/v2\/comments?post=73680"}],"version-history":[{"count":0,"href":"https:\/\/www.cronacaonline.it\/index.php\/wp-json\/wp\/v2\/posts\/73680\/revisions"}],"wp:attachment":[{"href":"https:\/\/www.cronacaonline.it\/index.php\/wp-json\/wp\/v2\/media?parent=73680"}],"wp:term":[{"taxonomy":"category","embeddable":true,"href":"https:\/\/www.cronacaonline.it\/index.php\/wp-json\/wp\/v2\/categories?post=73680"},{"taxonomy":"post_tag","embeddable":true,"href":"https:\/\/www.cronacaonline.it\/index.php\/wp-json\/wp\/v2\/tags?post=73680"}],"curies":[{"name":"wp","href":"https:\/\/api.w.org\/{rel}","templated":true}]}}