{"id":73679,"date":"2012-03-09T00:00:00","date_gmt":"2012-03-08T23:00:00","guid":{"rendered":"http:\/\/www.cronacaonline.it\/public\/content\/index.php\/2012\/03\/09\/comenius-stamattina-la-visita-della-delegazione-nella-sale-storiche-del-palazzo-della-provincia\/"},"modified":"2012-03-09T00:00:00","modified_gmt":"2012-03-08T23:00:00","slug":"comenius-stamattina-la-visita-della-delegazione-nella-sale-storiche-del-palazzo-della-provincia","status":"publish","type":"post","link":"https:\/\/www.cronacaonline.it\/index.php\/2012\/03\/09\/comenius-stamattina-la-visita-della-delegazione-nella-sale-storiche-del-palazzo-della-provincia\/","title":{"rendered":"Comenius, stamattina la visita della delegazione nella sale storiche del palazzo della provincia"},"content":{"rendered":"<p><SPAN style=\"FONT-FAMILY: 'Verdana','sans-serif'; mso-fareast-language: IT\">\u00abPer rafforzare l\u2019Europa sul piano sociale, economico e politico deve radicarsi quel forte senso di appartenenza cui si pu\u00f2 ambire solo se operiamo per la costruzione di una nuova identit\u00e0 culturale del cittadino europeo\u00bb. Con queste parole il presidente della Provincia di Sassari, Alessandra Giudici, ha accolto questa mattina nel palazzo della Provincia, in piazza d\u2019Italia, una delegazione del progetto Comenius, cui aderiscono numerose scuole di Italia, Spagna, Polonia, Portogallo e Turchia.<\/SPAN><\/p>\n<p><SPAN style=\"FONT-FAMILY: 'Verdana','sans-serif'; mso-fareast-language: IT\">\u00abE se l\u2019obiettivo \u00e8 questo, come crediamo, \u00e8 corretto il cammino intrapreso a iniziare dalla costruzione di un sistema dell\u2019istruzione pi\u00f9 omogeneo, che conceda a tutti le stesse opportunit\u00e0 di crescita culturale, sociale e occupazionale\u00bb, come fa eco l\u2019assessore provinciale dell\u2019Istruzione, Rosario Musmeci. La rappresentanza dei Paesi partner \u00e8 in visita proprio in questi giorni a Sassari, dove a fare gli onori di casa sono gli insegnanti e i dirigenti scolastici degli istituti coinvolti direttamente nel progetto di scambi e di visite finalizzate alla reciproca conoscenza tra cittadini di tutti gli Stati coinvolti, a iniziare da studenti e \u2013 come in questo caso \u2013 da docenti.<\/SPAN><\/p>\n<p><SPAN style=\"FONT-FAMILY: 'Verdana','sans-serif'; mso-fareast-language: IT\">\u00abSiamo ben lieti di ospitarvi oggi in questo palazzo, che \u00e8 il principale esempio di architettura monumentale della citt\u00e0 e del territorio, ma anche e soprattutto il simbolo di 150 anni di storia dell\u2019Italia Unita\u00bb, ha detto il presidente Giudici. \u00abIl progetto Comenius e le iniziative a esso legate sono un ottimo strumento per costruire una Comunit\u00e0 internazionale pi\u00f9 coesa sul piano politico, ma anche sociale e culturale\u00bb, ha aggiunto l\u2019assessore Musmeci. \u00abPer costruire l\u2019Italia \u00e8 stato fondamentale fornire agli italiani uguali condizioni di istruzione e uguali conoscenze \u2013 \u00e8 la riflessione di presidente e assessore \u2013 per un\u2019Europa che vogliamo sempre pi\u00f9 unita e protagonista dello scenario geo-politico globale, \u00e8 necessario fare altrettanto\u00bb. Le diversit\u00e0, le specificit\u00e0 di ciascun popolo e di ciascuno Stato, ma anche le peculiarit\u00e0 regionali all\u2019interno di ogni Paese, \u00abrestano una ricchezza da valorizzare e da difendere \u2013 ha concluso Alessandra Giudici \u2013 ma dobbiamo lavorare per consentire soprattutto alle nuove generazioni di maturare un pi\u00f9 forte senso di appartenenza all\u2019Europa\u00bb.<\/SPAN><\/p>\n<p><SPAN style=\"FONT-FAMILY: 'Verdana','sans-serif'; mso-fareast-language: IT\">&nbsp;<\/SPAN><\/p>\n<p><SPAN style=\"FONT-FAMILY: 'Verdana','sans-serif'; mso-fareast-language: IT\">&nbsp;<\/SPAN><\/p>\n","protected":false},"excerpt":{"rendered":"<p>\u00abPer rafforzare l\u2019Europa sul piano sociale, economico e politico deve radicarsi quel forte senso di appartenenza cui si pu\u00f2 ambire solo se operiamo per la&#8230;<\/p>\n","protected":false},"author":2,"featured_media":0,"comment_status":"closed","ping_status":"closed","sticky":false,"template":"","format":"standard","meta":[],"categories":[49],"tags":[],"_links":{"self":[{"href":"https:\/\/www.cronacaonline.it\/index.php\/wp-json\/wp\/v2\/posts\/73679"}],"collection":[{"href":"https:\/\/www.cronacaonline.it\/index.php\/wp-json\/wp\/v2\/posts"}],"about":[{"href":"https:\/\/www.cronacaonline.it\/index.php\/wp-json\/wp\/v2\/types\/post"}],"author":[{"embeddable":true,"href":"https:\/\/www.cronacaonline.it\/index.php\/wp-json\/wp\/v2\/users\/2"}],"replies":[{"embeddable":true,"href":"https:\/\/www.cronacaonline.it\/index.php\/wp-json\/wp\/v2\/comments?post=73679"}],"version-history":[{"count":0,"href":"https:\/\/www.cronacaonline.it\/index.php\/wp-json\/wp\/v2\/posts\/73679\/revisions"}],"wp:attachment":[{"href":"https:\/\/www.cronacaonline.it\/index.php\/wp-json\/wp\/v2\/media?parent=73679"}],"wp:term":[{"taxonomy":"category","embeddable":true,"href":"https:\/\/www.cronacaonline.it\/index.php\/wp-json\/wp\/v2\/categories?post=73679"},{"taxonomy":"post_tag","embeddable":true,"href":"https:\/\/www.cronacaonline.it\/index.php\/wp-json\/wp\/v2\/tags?post=73679"}],"curies":[{"name":"wp","href":"https:\/\/api.w.org\/{rel}","templated":true}]}}