{"id":73675,"date":"2012-03-23T00:00:00","date_gmt":"2012-03-22T23:00:00","guid":{"rendered":"http:\/\/www.cronacaonline.it\/public\/content\/index.php\/2012\/03\/23\/sabato-24-marzo-giornata-per-la-prevenzione-dellalzheimer-e-del-colesterolo\/"},"modified":"2012-03-23T00:00:00","modified_gmt":"2012-03-22T23:00:00","slug":"sabato-24-marzo-giornata-per-la-prevenzione-dellalzheimer-e-del-colesterolo","status":"publish","type":"post","link":"https:\/\/www.cronacaonline.it\/index.php\/2012\/03\/23\/sabato-24-marzo-giornata-per-la-prevenzione-dellalzheimer-e-del-colesterolo\/","title":{"rendered":"Sabato 24 marzo \u201cGiornata per la prevenzione dell\u2019Alzheimer e del colesterolo\u201d."},"content":{"rendered":"<\/p>\n<p>Domani&nbsp;24 marzo in tutta Italia tornano i gazebo informativi dell\u2019Associazione Nazionale Anziani e Pensionati (ANAP) e dell\u2019Associazione Nazionale Comunit\u00e0 Sociali e Sportive (Ancos) di Confartigianato Persone che daranno cos\u00ec vita alla quinta campagna nazionale \u201cSenza ricordi non hai futuro, non permettere all\u2019Alzheimer di cancellare il tuo domani\u201d.<\/p>\n<p>In Sardegna, come avviene ormai da un lustro, l\u2019ANAP, Cagliari, insieme alla Croce Rossa, agli esperti e ai medici, sar\u00e0 in Piazza Yenne a Cagliari, dalle 9.00 alle 13.00.<\/p>\n<p>\u201cSotto un gazebo informativo, i cittadini interessati ai due argomenti potranno approfondire la propria predisposizione all'Alzheimer o al Colesterolo e ricevere informazioni \u2013 afferma Paola Montis, Presidente Regionale dell\u2019ANAP (Associazione Nazionale Anziani e Pensionati) di Confartigianato - qui il personale esperto, attraverso analisi e specifici test di rilevazione, saranno in grado di chiarire dubbi e approfondire quesiti. I dati raccolti poi analizzati ed elaborati dal Dipartimento di Scienze dell'Invecchiamento della Sapienza di Roma\u201d.<\/p>\n<p>Chi lo vorr\u00e0 potr\u00e0 compilare questionari con domande sulle proprie abitudini nutrizionali, su aspetti sociali e psicologici, ma anche semplicemente ricevere informazioni sulle forme di assistenza a chi \u00e8 gi\u00e0 affetto da Alzheimer o sui comportamenti pi\u00f9 efficaci per prevenire la malattia, che in Sardegna ha gi\u00e0 colpito 15mila persone, con un incremento annuo di 800\/1000 casi.<\/p>\n<p>\u201cI questionari che raccoglieremo nella giornata di sabato \u2013 spiega la Presidente Montis - saranno aggiunti a quelli compilati dai nostri soci o inviati per posta alle nostre sedi provinciali. A tutti i nostri 220 mila associati nazionali, infatti, abbiamo spedito il questionario tramite la rivista di ANAP, \u201cPersone e Societ\u00e0\u201d. I questionari raccolti saranno poi inviati al Dipartimento di Scienze dell\u2019invecchiamento dell\u2019Universit\u00e0 La Sapienza che collabora con noi in questo progetto scientifico, che li inserir\u00e0 in un apposito data base grazie al quale sar\u00e0 in grado di elaborare uno studio medico-statistico sui principali fattori di rischio che favoriscono l\u2019insorgere dell\u2019Alzheimer\u201d.<\/p>\n<p>La quinta Giornata nazionale per la prevenzione dell\u2019Alzheimer \u00e8 organizzata, come sempre, in collaborazione con la Croce rossa italiana, con il Dipartimento di scienze dell\u2019invecchiamento dell\u2019Universit\u00e0 La Sapienza di Roma, con la Federazione italiana medici geriatri (Fimeg), e, a livello territoriale, con numerose altre associazioni di volontariato. Inotre quest\u2019anno grazie alla collaborazione con L\u2019Istituto De Ritis, verr\u00e0 distribuito materiale informativo anche sulla corretta alimentazione e su come combattere il Colesterolo.<\/p>\n<p>Oltre a promuovere la campagna \u201cSenza ricordi non hai futuro non permettere all\u2019Alzheimer di cancellare il tuo domani\u201d Anap e Ancos di Confartigianato Persone concorrono a finanziare dottorati di ricerca presso il Dipartimento di Scienze dell\u2019invecchiamento dell\u2019Universit\u00e0 La Sapienza. Com<\/p>\n","protected":false},"excerpt":{"rendered":"<p>Domani&nbsp;24 marzo in tutta Italia tornano i gazebo informativi dell\u2019Associazione Nazionale Anziani e Pensionati (ANAP) e dell\u2019Associazione Nazionale Comunit\u00e0 Sociali e Sportive (Ancos) di Confartigianato&#8230;<\/p>\n","protected":false},"author":2,"featured_media":0,"comment_status":"closed","ping_status":"closed","sticky":false,"template":"","format":"standard","meta":[],"categories":[49],"tags":[],"_links":{"self":[{"href":"https:\/\/www.cronacaonline.it\/index.php\/wp-json\/wp\/v2\/posts\/73675"}],"collection":[{"href":"https:\/\/www.cronacaonline.it\/index.php\/wp-json\/wp\/v2\/posts"}],"about":[{"href":"https:\/\/www.cronacaonline.it\/index.php\/wp-json\/wp\/v2\/types\/post"}],"author":[{"embeddable":true,"href":"https:\/\/www.cronacaonline.it\/index.php\/wp-json\/wp\/v2\/users\/2"}],"replies":[{"embeddable":true,"href":"https:\/\/www.cronacaonline.it\/index.php\/wp-json\/wp\/v2\/comments?post=73675"}],"version-history":[{"count":0,"href":"https:\/\/www.cronacaonline.it\/index.php\/wp-json\/wp\/v2\/posts\/73675\/revisions"}],"wp:attachment":[{"href":"https:\/\/www.cronacaonline.it\/index.php\/wp-json\/wp\/v2\/media?parent=73675"}],"wp:term":[{"taxonomy":"category","embeddable":true,"href":"https:\/\/www.cronacaonline.it\/index.php\/wp-json\/wp\/v2\/categories?post=73675"},{"taxonomy":"post_tag","embeddable":true,"href":"https:\/\/www.cronacaonline.it\/index.php\/wp-json\/wp\/v2\/tags?post=73675"}],"curies":[{"name":"wp","href":"https:\/\/api.w.org\/{rel}","templated":true}]}}