{"id":73599,"date":"2012-02-27T00:00:00","date_gmt":"2012-02-26T23:00:00","guid":{"rendered":"http:\/\/www.cronacaonline.it\/public\/content\/index.php\/2012\/02\/27\/tav-luca-abba-in-coma-i-no-tav-in-rivolta\/"},"modified":"2012-02-27T00:00:00","modified_gmt":"2012-02-26T23:00:00","slug":"tav-luca-abba-in-coma-i-no-tav-in-rivolta","status":"publish","type":"post","link":"https:\/\/www.cronacaonline.it\/index.php\/2012\/02\/27\/tav-luca-abba-in-coma-i-no-tav-in-rivolta\/","title":{"rendered":"Tav &#8211; Luca Abb\u00e0 in coma, i No Tav in rivolta"},"content":{"rendered":"<p><SPAN style=\"FONT-FAMILY: 'Verdana','sans-serif'\">Blocco ad oltranza allo svincolo di Chianocco (Torino) e presidi anche in Alta Valle di Susa, per ostacolare i cambi di turno delle forze dell'ordine al cantiere della Maddalena di Chiomonte. L'assemblea del movimento No Tav, con centinaia di persone sulla rampa di ingresso all'autostrada, non \u00e8 ancora finita, ma quando Alberto Perino, leader del movimento che si oppone alla Torino-Lione, parla di blocco a oltranza dell'autostrada e degli anziani che devono salire fino in Alta Val Susa per allargare la protesta scattano ovazioni e applausi.<\/SPAN><\/p>\n<p><SPAN style=\"FONT-FAMILY: 'Verdana','sans-serif'\">A Bussoleno sta per imbrunire, ma la mobilitazione sembra appena all'inizio. La gente sta portando viveri e si sta attrezzando per trascorrere la notte sull'autostrada A32, chiusa al traffico.<\/SPAN><\/p>\n<p><SPAN style=\"FONT-FAMILY: 'Verdana','sans-serif'\">\"Luca \u00e8 un eroe\" ha urlato Perino alla folla, contestando la ricostruzione fatta dai Tg, di quanto avvenuto questa mattina.<BR>\"Luca \u00e8 caduto non per colpa sua, lo hanno fatto cadere le forze dell'ordine\" ha detto Perino di Abb\u00e0, che versa in condizioni, stabili, ma sempre gravissime, al Cto di Torino.<\/SPAN><\/p>\n<p><SPAN style=\"FONT-FAMILY: 'Verdana','sans-serif'\">Poi l'appello al governo, \"il peggiore di questa repubblica\". \"Ci vogliono a 90 gradi davanti alle lobby del cemento, infiltrate di camorristi. Questo e' un insulto ai cittadini onesti, che lavorano. Ma noi non ce ne andremo fin quando non se ne andranno loro\" \u00e8 l'ultimo avvertimento di Perino, mentre sul palco si alternano gli interventi di diversi militanti.<\/SPAN><\/p>\n<p><SPAN style=\"FONT-FAMILY: 'Verdana','sans-serif'\">Versa in gravi condizioni l'uomo&nbsp;salito sul traliccio in Valle Clarea per protestare contro&nbsp;l'ampliamento del cantiere della Maddalena di Chiomonte. Luca Abb\u00e0, 37 anni, \u00e8 sbucato all'improvviso dai boschi per&nbsp;arrampicarsi su un traliccio dell'alta tensione.&nbsp;L'uomo \u00e8 uno dei leader dell'opposizione alla Torino-Lione: \u00e8&nbsp;ricoverato al Cto di Torino, dove \u00e8 stato portato in&nbsp;elisoccorso.&nbsp;<\/SPAN><\/p>\n<p><SPAN style=\"FONT-FAMILY: 'Verdana','sans-serif'\">Nel pomeriggio anche una manifestante No Tav \u00e8 stata investita - secondo fonti del movimento - da un automobilista che avrebbe cercato di forzare il blocco stradale a valle di Bussoleno. La manifestante - stando sempre a fonti del movimento No Tav - non \u00e8 grave ma \u00e8 stata portata in ospedale.<\/SPAN><\/p>\n<p><SPAN style=\"FONT-FAMILY: 'Verdana','sans-serif'\">La protesta dei No Tav alla stazione di Roma Termini si e' conclusa intorno alle 18.15 ed \u00e8 durata circa 20 minuti. Alcuni treni hanno accumulato ritardi.&nbsp;Durante la protesta i No Tav hanno danneggiato un Frecciarossa, imbrattato alcuni treni e lanciato un fumogeno.<\/SPAN><\/p>\n<p><SPAN style=\"FONT-FAMILY: 'Verdana','sans-serif'\">Alla stazione Termini di Roma blitz anche&nbsp;dei collettivi studenteschi che fanno capo alla sigla Atenei in rivolta: diverse decine di attivisti hanno occupato alcuni binari della stazione in segno di solidariet\u00e0 con le proteste No Tav in Val di Susa. I collettivi hanno organizzato anche alcuni blocchi stradali al traffico in zona universit\u00e0.<\/SPAN><\/p>\n<p><SPAN style=\"FONT-FAMILY: 'Verdana','sans-serif'\">Attivisti No Tav hanno&nbsp;bloccato l'autostrada A32 Torino-Bardonecchia, nei pressi di Bussoleno, nella carreggiata che porta verso l'Alta Valsusa e il&nbsp;tunnel del Frejus. L'occupazione \u00e8 stata attuata nella stessa&nbsp;zona di Bussoleno dove sono bloccate anche le statali 24 e 25 della Val&nbsp;Susa.<\/SPAN><\/p>\n<p><SPAN style=\"FONT-FAMILY: 'Verdana','sans-serif'\">Luca Abb\u00e0 \u00e8&nbsp;in&nbsp;coma farmacologico al Cto di Torino e le sue condizioni sono<BR>gravissime, ha spiegato il direttore del Dea del Cto,&nbsp;Maurizio Berardino.<BR>Arrivato alle 10:11 al Cto, con un elisoccorso, Abb\u00e0 \u00e8 ora&nbsp;ricoverato in pronto soccorso dove i medici lo hanno intubato,&nbsp;sedato e posto in coma farmacologico. In serata probabilmente&nbsp;verr\u00e0 trasferito in terapia intensiva.<\/SPAN><\/p>\n<p><SPAN style=\"FONT-FAMILY: 'Verdana','sans-serif'\">\"Mi sono arrampicato sul traliccio&nbsp;dopo essere sfuggito ai controlli. La situazione \u00e8 tranquilla e&nbsp;non vedo violenze. Sono riuscito a svicolare. Mi guardavano&nbsp;attoniti. Gliel'ho fatta sotto il naso un'altra volta\", aveva detto lo stesso&nbsp;Luca Abb\u00e0 in un collegamento a una radio locale \"a dieci metri&nbsp;d'altezza\" poco prima di cadere al suolo.<\/SPAN><\/p>\n<p><SPAN style=\"FONT-FAMILY: 'Verdana','sans-serif'\">\"Sono pronto e disponibile ad appendermi ai fili della corrente se non la smettete, ok?\", aveva aggiunto Abb\u00e0 a Radio Black Out, una radio torinese molto vicina ai centri sociali e al mondo No Tav e antagonista.&nbsp;Abb\u00e0 nell'intervista telefonica aveva anche riferito di trovarsi \"all'altezza dei fili elettrici\". \"Non farti male\" era stata la raccomandazione dei conduttori della radio.<\/SPAN><\/p>\n<p><SPAN style=\"FONT-FAMILY: 'Verdana','sans-serif'\">Abb\u00e0 avrebbe&nbsp;riportato ustioni su pi\u00f9 parti del corpo causate da una scossa<BR>elettrica. L'uomo ha anche riportato un politrauma dovuto alla&nbsp;caduta da un'altezza di 15 metri ed \u00e8 stato trasportato al Cto&nbsp;di Torino.<\/SPAN><\/p>\n<p><SPAN style=\"FONT-FAMILY: 'Verdana','sans-serif'\">Il movimento dei no tav si \u00e8 mobilitato per l'ennesima volta oggi subito<BR>dopo l'inizio delle operazioni di allargamento del cantiere&nbsp;dell'alta velocit\u00e0 alla Maddalena di Chiomonte.&nbsp;Per chi non&nbsp;pu\u00f2 arrivare oggi a Giaglione - \u00e8 il messaggio dei no tav sul web - l'appuntamento&nbsp;sar\u00e0 a Bussoleno alle 18. Secondo i siti no Tav altre&nbsp;iniziative saranno organizzate alla stessa ora in diverse parti&nbsp;d'Italia.<\/SPAN><\/p>\n<p><SPAN style=\"FONT-FAMILY: 'Verdana','sans-serif'\">La Confederazione unitaria di base&nbsp;di Torino ha indetto uno sciopero generale provinciale per&nbsp;protestare contro l'esproprio dei terreni per l'ampliamento del<BR>cantiere della Tav in Val Susa.&nbsp;La Confederazione, in una nota, parla di \"attacco al presidio No Tav della Clarea\" e afferma che la caduta di Luca&nbsp;Abb\u00e0 dal traliccio \u00e8 stata \"provocata dall'inseguimento da&nbsp;parte dei poliziotti\".<\/SPAN><\/p>\n<p><SPAN style=\"FONT-FAMILY: 'Verdana','sans-serif'\">\"Preso atto dell'incidente avvenuto&nbsp;questa mattina presso il cantiere della Maddalena e del clima di&nbsp;tensione che si sta creando in Valle di Susa si chiede la&nbsp;sospensione delle operazioni in corso\", chiede con una&nbsp;lettera inviata al prefetto di Torino Alberto Di Pace il&nbsp;presidente della comunit\u00e0 montana Val Susa e Val Sangone, Sandro Plano.<\/SPAN><\/p>\n<p><SPAN style=\"FONT-FAMILY: 'Verdana','sans-serif'\">\"Il problema non \u00e8 Caselli ma la&nbsp;violenza: il movimento No Tav deve prendere le distanze da&nbsp;violenti perch\u00e9 altrimenti fa del male a se stesso. Se ha&nbsp;ragione cos\u00ec si mette dalla parte del torto\", ha ribadito questa mattina&nbsp;il procuratore capo di Torino, Gian Carlo Caselli, ospite di&nbsp;'24 Mattino' su Radio 24. Riguardo alle scritte e alle minacce&nbsp;apparse ai suoi danni negli ultimi tempi Caselli ha&nbsp;sottolineato: \"Guai se questo fosse valutato come un attacco&nbsp;circoscritto a me: \u00e8 un attacco alla giurisdizione, un attacco&nbsp;alla democrazia, \u00e8 una ricerca di impunit\u00e0 e privilegi. C'\u00e8&nbsp;qualcuno che non ci sta a essere uguale agli altri di fronte&nbsp;alla legge.<\/SPAN><\/p>\n","protected":false},"excerpt":{"rendered":"<p>Blocco ad oltranza allo svincolo di Chianocco (Torino) e presidi anche in Alta Valle di Susa, per ostacolare i cambi di turno delle forze dell&#8217;ordine&#8230;<\/p>\n","protected":false},"author":2,"featured_media":0,"comment_status":"closed","ping_status":"closed","sticky":false,"template":"","format":"standard","meta":[],"categories":[49],"tags":[],"_links":{"self":[{"href":"https:\/\/www.cronacaonline.it\/index.php\/wp-json\/wp\/v2\/posts\/73599"}],"collection":[{"href":"https:\/\/www.cronacaonline.it\/index.php\/wp-json\/wp\/v2\/posts"}],"about":[{"href":"https:\/\/www.cronacaonline.it\/index.php\/wp-json\/wp\/v2\/types\/post"}],"author":[{"embeddable":true,"href":"https:\/\/www.cronacaonline.it\/index.php\/wp-json\/wp\/v2\/users\/2"}],"replies":[{"embeddable":true,"href":"https:\/\/www.cronacaonline.it\/index.php\/wp-json\/wp\/v2\/comments?post=73599"}],"version-history":[{"count":0,"href":"https:\/\/www.cronacaonline.it\/index.php\/wp-json\/wp\/v2\/posts\/73599\/revisions"}],"wp:attachment":[{"href":"https:\/\/www.cronacaonline.it\/index.php\/wp-json\/wp\/v2\/media?parent=73599"}],"wp:term":[{"taxonomy":"category","embeddable":true,"href":"https:\/\/www.cronacaonline.it\/index.php\/wp-json\/wp\/v2\/categories?post=73599"},{"taxonomy":"post_tag","embeddable":true,"href":"https:\/\/www.cronacaonline.it\/index.php\/wp-json\/wp\/v2\/tags?post=73599"}],"curies":[{"name":"wp","href":"https:\/\/api.w.org\/{rel}","templated":true}]}}