{"id":73498,"date":"2012-02-27T00:00:00","date_gmt":"2012-02-26T23:00:00","guid":{"rendered":"http:\/\/www.cronacaonline.it\/public\/content\/index.php\/2012\/02\/27\/cappellacci-per-la-continuita-territoriale-merci-sostegno-finanziario-e-confronto-con-le-imprese\/"},"modified":"2012-02-27T00:00:00","modified_gmt":"2012-02-26T23:00:00","slug":"cappellacci-per-la-continuita-territoriale-merci-sostegno-finanziario-e-confronto-con-le-imprese","status":"publish","type":"post","link":"https:\/\/www.cronacaonline.it\/index.php\/2012\/02\/27\/cappellacci-per-la-continuita-territoriale-merci-sostegno-finanziario-e-confronto-con-le-imprese\/","title":{"rendered":"Cappellacci: Per la continuit\u00e0 territoriale merci sostegno finanziario e confronto con le imprese."},"content":{"rendered":"<p><SPAN style=\"BACKGROUND: white\">\u201cLa questione della continuit\u00e0 territoriale in tutte le sue sfaccettature \u00e8 un tema strategico non solo per la Giunta, ma per l\u2019intero sistema Sardegna. La continuit\u00e0 delle merci, in particolare, \u00e8 di vitale importanza per le aziende che operano nell\u2019Isola e conseguentemente per l\u2019occupazione. Per questo, oltre a garantire nell\u2019immediato un adeguato sostegno finanziario alle politiche finalizzate a fronteggiare tale problematica, presto incontreremo i rappresentanti delle imprese per esaminare e condividere ulteriori soluzioni operative\u201d.<\/SPAN><\/p>\n<p><SPAN style=\"BACKGROUND: white\">Lo ha detto presidente Cappellacci esprime la posizione della Giunta regionale sulla problematica relativa al trasporto territoriale delle merci. \u201cSiamo consapevoli \u2013 ha aggiunto il presidente della Regione - che il superamento della crisi internazionale e il rilancio del sistema economico-sociale della Sardegna passa attraverso le azioni coraggiose dirette ad affrontare i nodi storici che nei decenni hanno compresso le opportunit\u00e0 di sviluppo della nostra Isola. Per raggiungere quello che non pu\u00f2 non essere un obiettivo comune \u00e8 necessario mettere in atto iniziative di rottura rispetto al passato intorno alle quali \u00e8 fondamentale consolidare un\u2019alleanza sociale che coinvolga il mondo delle imprese, le rappresentanze dei lavoratori e la politica\u201d. Com<\/SPAN><\/p>\n<p><SPAN style=\"BACKGROUND: white\">&nbsp;<\/SPAN><\/p>\n","protected":false},"excerpt":{"rendered":"<p>\u201cLa questione della continuit\u00e0 territoriale in tutte le sue sfaccettature \u00e8 un tema strategico non solo per la Giunta, ma per l\u2019intero sistema Sardegna. La&#8230;<\/p>\n","protected":false},"author":2,"featured_media":11888,"comment_status":"closed","ping_status":"closed","sticky":false,"template":"","format":"standard","meta":[],"categories":[49],"tags":[],"_links":{"self":[{"href":"https:\/\/www.cronacaonline.it\/index.php\/wp-json\/wp\/v2\/posts\/73498"}],"collection":[{"href":"https:\/\/www.cronacaonline.it\/index.php\/wp-json\/wp\/v2\/posts"}],"about":[{"href":"https:\/\/www.cronacaonline.it\/index.php\/wp-json\/wp\/v2\/types\/post"}],"author":[{"embeddable":true,"href":"https:\/\/www.cronacaonline.it\/index.php\/wp-json\/wp\/v2\/users\/2"}],"replies":[{"embeddable":true,"href":"https:\/\/www.cronacaonline.it\/index.php\/wp-json\/wp\/v2\/comments?post=73498"}],"version-history":[{"count":0,"href":"https:\/\/www.cronacaonline.it\/index.php\/wp-json\/wp\/v2\/posts\/73498\/revisions"}],"wp:featuredmedia":[{"embeddable":true,"href":"https:\/\/www.cronacaonline.it\/index.php\/wp-json\/wp\/v2\/media\/11888"}],"wp:attachment":[{"href":"https:\/\/www.cronacaonline.it\/index.php\/wp-json\/wp\/v2\/media?parent=73498"}],"wp:term":[{"taxonomy":"category","embeddable":true,"href":"https:\/\/www.cronacaonline.it\/index.php\/wp-json\/wp\/v2\/categories?post=73498"},{"taxonomy":"post_tag","embeddable":true,"href":"https:\/\/www.cronacaonline.it\/index.php\/wp-json\/wp\/v2\/tags?post=73498"}],"curies":[{"name":"wp","href":"https:\/\/api.w.org\/{rel}","templated":true}]}}