{"id":72858,"date":"2011-11-28T00:00:00","date_gmt":"2011-11-27T23:00:00","guid":{"rendered":"http:\/\/www.cronacaonline.it\/public\/content\/index.php\/2011\/11\/28\/industria-vertenza-ex-ila-nuovo-bando-di-gara\/"},"modified":"2011-11-28T00:00:00","modified_gmt":"2011-11-27T23:00:00","slug":"industria-vertenza-ex-ila-nuovo-bando-di-gara","status":"publish","type":"post","link":"https:\/\/www.cronacaonline.it\/index.php\/2011\/11\/28\/industria-vertenza-ex-ila-nuovo-bando-di-gara\/","title":{"rendered":"Industria &#8211; Vertenza Ex-Ila. Nuovo bando di gara"},"content":{"rendered":"<p><SPAN style=\"FONT-FAMILY: 'Verdana','sans-serif'; mso-fareast-language: IT\">L\u2019assessore dell\u2019Industria, Alessandra Zedda, ha convocato&nbsp;<A href=\"javascript:mails_addtocal(1,%22oggi%22);\"><SPAN style=\"COLOR: #ff8000; TEXT-DECORATION: none; text-underline: none\">oggi<\/SPAN><\/A>, nella sede dell\u2019Assessorato, la Provincia del Sulcis e le rappresentanze sindacali per spiegare i difetti di forma che hanno reso irricevibile l\u2019ultima proposta d\u2019acquisto per la ex-Ila.<\/SPAN><SPAN style=\"LINE-HEIGHT: 115%; FONT-FAMILY: 'Verdana','sans-serif'; FONT-SIZE: 8.5pt; mso-bidi-font-family: 'Times New Roman'; mso-fareast-language: IT\"><\/SPAN><\/p>\n<p><SPAN style=\"FONT-FAMILY: 'Verdana','sans-serif'; mso-fareast-language: IT\">\u201cIl nuovo bando di gara - ha annunciato l\u2019esponente della Giunta regionale - \u00e8 gi\u00e0 stato pubblicato dai quotidiani nazionali e scadr\u00e0 il 21 dicembre. Ho chiesto ed ottenuto dalla curatela fallimentare che il giorno dell\u2019apertura della busta, una volta appurata la ricevibilit\u00e0 della manifestazione d\u2019interesse cauzionata, si possa immediatamente procedere ad avviare le pratiche per il rinnovo degli ammortizzatori sociali\u201d.<\/SPAN><SPAN style=\"LINE-HEIGHT: 115%; FONT-FAMILY: 'Verdana','sans-serif'; FONT-SIZE: 8.5pt; mso-bidi-font-family: 'Times New Roman'; mso-fareast-language: IT\"><\/SPAN><\/p>\n<p><SPAN style=\"FONT-FAMILY: 'Verdana','sans-serif'; mso-fareast-language: IT\">L\u2019Assessore dell\u2019Industria, esprimendo la sua delusione per l\u2019esito dell\u2019asta, ha ribadito la sua fiducia nel gruppo imprenditoriale interessato all\u2019acquisto della fabbrica di laminati di alluminio, e ha auspicato che il prossimo bando possa finalmente determinare il riavvio della produzione. I sindacati hanno chiesto all\u2019assessore Zedda di convocare urgentemente un incontro con la curatela fallimentare e l\u2019Assessorato del Lavoro per definire, prima della data di scadenza del bando, le procedure per la proroga della cassa integrazione. Red<\/SPAN><\/p>\n","protected":false},"excerpt":{"rendered":"<p>L\u2019assessore dell\u2019Industria, Alessandra Zedda, ha convocato&nbsp;oggi, nella sede dell\u2019Assessorato, la Provincia del Sulcis e le rappresentanze sindacali per spiegare i difetti di forma che hanno&#8230;<\/p>\n","protected":false},"author":2,"featured_media":0,"comment_status":"closed","ping_status":"closed","sticky":false,"template":"","format":"standard","meta":[],"categories":[49],"tags":[],"_links":{"self":[{"href":"https:\/\/www.cronacaonline.it\/index.php\/wp-json\/wp\/v2\/posts\/72858"}],"collection":[{"href":"https:\/\/www.cronacaonline.it\/index.php\/wp-json\/wp\/v2\/posts"}],"about":[{"href":"https:\/\/www.cronacaonline.it\/index.php\/wp-json\/wp\/v2\/types\/post"}],"author":[{"embeddable":true,"href":"https:\/\/www.cronacaonline.it\/index.php\/wp-json\/wp\/v2\/users\/2"}],"replies":[{"embeddable":true,"href":"https:\/\/www.cronacaonline.it\/index.php\/wp-json\/wp\/v2\/comments?post=72858"}],"version-history":[{"count":0,"href":"https:\/\/www.cronacaonline.it\/index.php\/wp-json\/wp\/v2\/posts\/72858\/revisions"}],"wp:attachment":[{"href":"https:\/\/www.cronacaonline.it\/index.php\/wp-json\/wp\/v2\/media?parent=72858"}],"wp:term":[{"taxonomy":"category","embeddable":true,"href":"https:\/\/www.cronacaonline.it\/index.php\/wp-json\/wp\/v2\/categories?post=72858"},{"taxonomy":"post_tag","embeddable":true,"href":"https:\/\/www.cronacaonline.it\/index.php\/wp-json\/wp\/v2\/tags?post=72858"}],"curies":[{"name":"wp","href":"https:\/\/api.w.org\/{rel}","templated":true}]}}