{"id":72856,"date":"2011-11-21T00:00:00","date_gmt":"2011-11-20T23:00:00","guid":{"rendered":"http:\/\/www.cronacaonline.it\/public\/content\/index.php\/2011\/11\/21\/alta-formazione-post-laurea-assessore-liori-tema-chiave-per-la-crescita-e-lo-sviluppo-della-sardegna\/"},"modified":"2011-11-21T00:00:00","modified_gmt":"2011-11-20T23:00:00","slug":"alta-formazione-post-laurea-assessore-liori-tema-chiave-per-la-crescita-e-lo-sviluppo-della-sardegna","status":"publish","type":"post","link":"https:\/\/www.cronacaonline.it\/index.php\/2011\/11\/21\/alta-formazione-post-laurea-assessore-liori-tema-chiave-per-la-crescita-e-lo-sviluppo-della-sardegna\/","title":{"rendered":"Alta formazione post laurea &#8211; Assessore Liori: &#8220;Tema chiave per la crescita e lo sviluppo della Sardegna&#8221;."},"content":{"rendered":"<p>L\u2019assessore regionale del Lavoro, Antonello Liori, durante la presentazione del progetto dei \u2018Master in Sardegna\u2019 per l\u2019alta formazione post universitaria, ha dichiarato: \"L\u2019alta formazione post laurea \u00e8 un tema chiave per la crescita e lo sviluppo della Sardegna e dobbiamo creare dei percorsi virtuosi per un adeguato utilizzo delle risorse\". <\/p>\n<p>Il programma 2011, avviato per questa annualit\u00e0 in maniera sperimentale, ha visto la realizzazione di cinque master, suddivisi in nove corsi con sede a Cagliari, Sassari e Nuoro: \u2018Economia e finanza etica per lo sviluppo e la cooperazione\u2019, con la collaborazione dell\u2019Universit\u00e0 di Cagliari e Sassari; \u2018Manager dello sviluppo turistico territoriale e della gestione delle imprese turistiche\u2019, con l\u2019Universit\u00e0 Cattolica di Piacenza; \u2018Gestione d\u2019impresa\u2019, con l\u2019Universit\u00e0 di Bologna; \u2018Gestione di siti inquinati\u2019, con Forgea; \u2018Miglioramento delle performance egli enti territoriali e delle PA\u2019, con l\u2019Universit\u00e0 di Ferrara. <\/p>\n<p>\"L'alta formazione - ha proseguito l\u2019assessore \u2013 \u00e8 uno strumento idoneo a favorire la qualificazione e lo sviluppo del capitale umano, perci\u00f2 siamo impegnati nel predisporre un adeguato programma anche per il 2012, evidenziando il valore strategico dell\u2019alta formazione e le esigenze di professionalizzazione del mondo produttivo. Infatti, la buona programmazione di una politica finalizzata alla creazione di professionalit\u00e0 di livello eccellente crea condizioni favorevoli a un pi\u00f9 facile inserimento nel mercato del lavoro. Tema che, vista la crisi occupazionale nell\u2019Isola, \u00e8 da considerare di grande attualit\u00e0 e rappresenta un importante investimento in prospettiva. La Regione da anni ha attivato adeguate azioni a sostegno, come il programma \u2018Master &amp; back\u2019, e intende svilupparne ulteriori per migliorare l\u2019efficienza delle risorse, sia individuando i percorsi da finanziare che realizzandoli, per un\u2019effettiva crescita del livello della formazione post universitaria in Sardegna\". <\/p>\n<p>\"Nel programma \u2018Master in Sardegna\u2019 abbiamo individuato aspetti innovativi e positivi \u2013 ha concluso Liori -: consente di attivare un percorso di crescita culturale che non vede come beneficiari solo gli utenti finali, ma l\u2019intera rete di soggetti coinvolti, come le universit\u00e0, le aziende, le pubbliche amministrazioni. E permette, nell\u2019ottica del rapporto costi\/benefici, di attivare sul territorio con minori risorse un maggior numero di corsi e di coinvolgere un maggior numero di studenti. Nel 2011, nelle sedi di Cagliari e Sassari, con uno stanziamento di 2 milioni e 190 mila euro saranno soddisfatte le richieste di 200 allievi, per un costo medio di 10.950 euro ciascuno. Cos\u00ec sar\u00e0 pi\u00f9 facile programmare le attivit\u00e0 di alta formazione per rispondere tempestivamente a nuove strategie di sviluppo e di crescita, adattando i percorsi alle strategie di sviluppo economico regionale. Programmazione che deve vedere la Regione svolgere - ha concluso Liori - un ruolo da protagonista, non pi\u00f9 semplicemente come ente erogatore di fondi, ma come soggetto in grado di programmare ed organizzare percorsi di Af, anche in partenariato non solo con le universit\u00e0 sarde, ma anche con le pi\u00f9 prestigiose universit\u00e0 nazionali e internazionali. Infine, realizzando, nel contempo, adeguate politiche attive del lavoro per indirizzare gli studenti dell\u2019alta formazione verso il mercato\". Red.<\/p>\n","protected":false},"excerpt":{"rendered":"<p>L\u2019assessore regionale del Lavoro, Antonello Liori, durante la presentazione del progetto dei \u2018Master in Sardegna\u2019 per l\u2019alta formazione post universitaria, ha dichiarato: &#8220;L\u2019alta formazione post&#8230;<\/p>\n","protected":false},"author":2,"featured_media":0,"comment_status":"closed","ping_status":"closed","sticky":false,"template":"","format":"standard","meta":[],"categories":[49],"tags":[],"_links":{"self":[{"href":"https:\/\/www.cronacaonline.it\/index.php\/wp-json\/wp\/v2\/posts\/72856"}],"collection":[{"href":"https:\/\/www.cronacaonline.it\/index.php\/wp-json\/wp\/v2\/posts"}],"about":[{"href":"https:\/\/www.cronacaonline.it\/index.php\/wp-json\/wp\/v2\/types\/post"}],"author":[{"embeddable":true,"href":"https:\/\/www.cronacaonline.it\/index.php\/wp-json\/wp\/v2\/users\/2"}],"replies":[{"embeddable":true,"href":"https:\/\/www.cronacaonline.it\/index.php\/wp-json\/wp\/v2\/comments?post=72856"}],"version-history":[{"count":0,"href":"https:\/\/www.cronacaonline.it\/index.php\/wp-json\/wp\/v2\/posts\/72856\/revisions"}],"wp:attachment":[{"href":"https:\/\/www.cronacaonline.it\/index.php\/wp-json\/wp\/v2\/media?parent=72856"}],"wp:term":[{"taxonomy":"category","embeddable":true,"href":"https:\/\/www.cronacaonline.it\/index.php\/wp-json\/wp\/v2\/categories?post=72856"},{"taxonomy":"post_tag","embeddable":true,"href":"https:\/\/www.cronacaonline.it\/index.php\/wp-json\/wp\/v2\/tags?post=72856"}],"curies":[{"name":"wp","href":"https:\/\/api.w.org\/{rel}","templated":true}]}}