{"id":72721,"date":"2011-11-28T00:00:00","date_gmt":"2011-11-27T23:00:00","guid":{"rendered":"http:\/\/www.cronacaonline.it\/public\/content\/index.php\/2011\/11\/28\/atti-intimidatori-una-bomba-carta-sotto-lauto-dellassessore-di-quartucciu\/"},"modified":"2011-11-28T00:00:00","modified_gmt":"2011-11-27T23:00:00","slug":"atti-intimidatori-una-bomba-carta-sotto-lauto-dellassessore-di-quartucciu","status":"publish","type":"post","link":"https:\/\/www.cronacaonline.it\/index.php\/2011\/11\/28\/atti-intimidatori-una-bomba-carta-sotto-lauto-dellassessore-di-quartucciu\/","title":{"rendered":"Atti intimidatori &#8211; Una bomba carta sotto l&#8217;auto dell&#8217;assessore di Quartucciu."},"content":{"rendered":"<p>La scorsa notte, a Quartucciu (Ca), Giorgio Mascia, assessore dei Servizi tecnologici del Comune, \u00e8 stato vittima di un atto intimidatorio.<\/p>\n<p>L'uomo non era nuovo a questo tipo di vicende: gi\u00e0 il 23 aprile del 2010 una bomba carta era stata esplosa poco distante dall'ingresso di un locale commerciale di sua propriet\u00e0 e nello stesso mese salt\u00f2 inoltre la sua vettura. Anche questa volta, a cadere nel mirino dei banditi \u00e8 stata l'auto dell'assessore, una Fiat 500, parcheggiata per strada. Nella notte infatti il mezzo \u00e8 andato in fiamme a causa di una piccola esplosione, provocata probabilmente da un ordigno o da un grande petardo.<\/p>\n<p>Hanno raggiunto il luogo dell'esplosione gli agenti del Commissariato&nbsp;di Polizia di Stato di Quartu Sant'Elena (Ca) ed i colleghi della Digos che, raccolti i dati necessari, faranno chiarezza sull'episodio.<\/p>\n","protected":false},"excerpt":{"rendered":"<p>La scorsa notte, a Quartucciu (Ca), Giorgio Mascia, assessore dei Servizi tecnologici del Comune, \u00e8 stato vittima di un atto intimidatorio. L&#8217;uomo non era nuovo&#8230;<\/p>\n","protected":false},"author":2,"featured_media":0,"comment_status":"closed","ping_status":"closed","sticky":false,"template":"","format":"standard","meta":[],"categories":[49],"tags":[],"_links":{"self":[{"href":"https:\/\/www.cronacaonline.it\/index.php\/wp-json\/wp\/v2\/posts\/72721"}],"collection":[{"href":"https:\/\/www.cronacaonline.it\/index.php\/wp-json\/wp\/v2\/posts"}],"about":[{"href":"https:\/\/www.cronacaonline.it\/index.php\/wp-json\/wp\/v2\/types\/post"}],"author":[{"embeddable":true,"href":"https:\/\/www.cronacaonline.it\/index.php\/wp-json\/wp\/v2\/users\/2"}],"replies":[{"embeddable":true,"href":"https:\/\/www.cronacaonline.it\/index.php\/wp-json\/wp\/v2\/comments?post=72721"}],"version-history":[{"count":0,"href":"https:\/\/www.cronacaonline.it\/index.php\/wp-json\/wp\/v2\/posts\/72721\/revisions"}],"wp:attachment":[{"href":"https:\/\/www.cronacaonline.it\/index.php\/wp-json\/wp\/v2\/media?parent=72721"}],"wp:term":[{"taxonomy":"category","embeddable":true,"href":"https:\/\/www.cronacaonline.it\/index.php\/wp-json\/wp\/v2\/categories?post=72721"},{"taxonomy":"post_tag","embeddable":true,"href":"https:\/\/www.cronacaonline.it\/index.php\/wp-json\/wp\/v2\/tags?post=72721"}],"curies":[{"name":"wp","href":"https:\/\/api.w.org\/{rel}","templated":true}]}}